{"id":114594,"date":"2023-02-27T13:18:38","date_gmt":"2023-02-27T16:18:38","guid":{"rendered":"https:\/\/acs.org.br\/antigo\/?p=114594"},"modified":"2023-02-27T13:18:38","modified_gmt":"2023-02-27T16:18:38","slug":"economia-governo-e-pressionado-a-manter-isencao-de-tributos-federais-sobre-gasolina-e-etanol","status":"publish","type":"post","link":"https:\/\/acs.org.br\/academy\/economia-governo-e-pressionado-a-manter-isencao-de-tributos-federais-sobre-gasolina-e-etanol\/","title":{"rendered":"ECONOMIA: Governo \u00e9 pressionado a manter isen\u00e7\u00e3o de tributos federais sobre gasolina e etanol"},"content":{"rendered":"<p>Fonte: R7<\/p>\n<p>A desonera\u00e7\u00e3o de impostos federais sobre gasolina e etanol termina nesta ter\u00e7a-feira (28), e o Pal\u00e1cio do Planalto ainda n\u00e3o decidiu se vai prorrogar a medida. H\u00e1 uma press\u00e3o da ala pol\u00edtica do governo do presidente Luiz In\u00e1cio Lula da Silva (PT) para que a isen\u00e7\u00e3o continue, mas o Minist\u00e9rio da Fazenda resiste \u00e0 ideia.<\/p>\n<p><a href=\"https:\/\/noticias.r7.com\/brasilia\/governo-e-pressionado-a-manter-isencao-de-tributos-federais-sobre-gasolina-e-etanol-27022023\">LEIA MAIS&#8230;<\/a><\/p>\n","protected":false},"excerpt":{"rendered":"<p>Fonte: R7 A desonera\u00e7\u00e3o de impostos federais sobre gasolina e etanol termina nesta ter\u00e7a-feira (28), e o Pal\u00e1cio do Planalto ainda n\u00e3o decidiu se vai prorrogar a medida. H\u00e1 uma press\u00e3o da ala pol\u00edtica do governo do presidente Luiz In\u00e1cio Lula da Silva (PT) para que a isen\u00e7\u00e3o continue, mas o Minist\u00e9rio da Fazenda resiste [&hellip;]<\/p>\n","protected":false},"author":66,"featured_media":0,"comment_status":"open","ping_status":"open","sticky":false,"template":"","format":"standard","meta":{"footnotes":""},"categories":[105],"tags":[],"_links":{"self":[{"href":"https:\/\/acs.org.br\/academy\/wp-json\/wp\/v2\/posts\/114594"}],"collection":[{"href":"https:\/\/acs.org.br\/academy\/wp-json\/wp\/v2\/posts"}],"about":[{"href":"https:\/\/acs.org.br\/academy\/wp-json\/wp\/v2\/types\/post"}],"author":[{"embeddable":true,"href":"https:\/\/acs.org.br\/academy\/wp-json\/wp\/v2\/users\/66"}],"replies":[{"embeddable":true,"href":"https:\/\/acs.org.br\/academy\/wp-json\/wp\/v2\/comments?post=114594"}],"version-history":[{"count":1,"href":"https:\/\/acs.org.br\/academy\/wp-json\/wp\/v2\/posts\/114594\/revisions"}],"predecessor-version":[{"id":114598,"href":"https:\/\/acs.org.br\/academy\/wp-json\/wp\/v2\/posts\/114594\/revisions\/114598"}],"wp:attachment":[{"href":"https:\/\/acs.org.br\/academy\/wp-json\/wp\/v2\/media?parent=114594"}],"wp:term":[{"taxonomy":"category","embeddable":true,"href":"https:\/\/acs.org.br\/academy\/wp-json\/wp\/v2\/categories?post=114594"},{"taxonomy":"post_tag","embeddable":true,"href":"https:\/\/acs.org.br\/academy\/wp-json\/wp\/v2\/tags?post=114594"}],"curies":[{"name":"wp","href":"https:\/\/api.w.org\/{rel}","templated":true}]}}