{"id":114589,"date":"2023-02-27T13:22:08","date_gmt":"2023-02-27T16:22:08","guid":{"rendered":"https:\/\/acs.org.br\/antigo\/?p=114589"},"modified":"2023-02-27T13:22:08","modified_gmt":"2023-02-27T16:22:08","slug":"cafe-cafe-abre-com-desvalorizacao-mantendo-foco-nas-chuvas-do-brasil-e-na-comercializacao-lenta","status":"publish","type":"post","link":"https:\/\/acs.org.br\/academy\/cafe-cafe-abre-com-desvalorizacao-mantendo-foco-nas-chuvas-do-brasil-e-na-comercializacao-lenta\/","title":{"rendered":"CAF\u00c9: Caf\u00e9 abre com desvaloriza\u00e7\u00e3o, mantendo foco nas chuvas do Brasil e na comercializa\u00e7\u00e3o lenta"},"content":{"rendered":"<p>Fonte: Not\u00edcias Agr\u00edcolas \u00a0<\/p>\n<p>O mercado futuro do caf\u00e9 ar\u00e1bica abriu as negocia\u00e7\u00f5es desta semana com desvaloriza\u00e7\u00e3o para os principais contratos na Bolsa de Nova York (ICE Future US). Na semana passada, o contrato refer\u00eancia encerrou com valoriza\u00e7\u00e3o no mercado futuro.<\/p>\n<p><a href=\"https:\/\/www.noticiasagricolas.com.br\/noticias\/cafe\/342130-cafe-abre-desvalorizacao-mantendo-foco-nas-chuvas-do-brasil-e-na-comercializacao-lenta.html#.Y_zHOXbMLIU\">LEIA MAIS&#8230;<\/a><\/p>\n","protected":false},"excerpt":{"rendered":"<p>Fonte: Not\u00edcias Agr\u00edcolas \u00a0 O mercado futuro do caf\u00e9 ar\u00e1bica abriu as negocia\u00e7\u00f5es desta semana com desvaloriza\u00e7\u00e3o para os principais contratos na Bolsa de Nova York (ICE Future US). Na semana passada, o contrato refer\u00eancia encerrou com valoriza\u00e7\u00e3o no mercado futuro. LEIA MAIS&#8230;<\/p>\n","protected":false},"author":66,"featured_media":0,"comment_status":"open","ping_status":"open","sticky":false,"template":"","format":"standard","meta":{"footnotes":""},"categories":[105],"tags":[],"_links":{"self":[{"href":"https:\/\/acs.org.br\/academy\/wp-json\/wp\/v2\/posts\/114589"}],"collection":[{"href":"https:\/\/acs.org.br\/academy\/wp-json\/wp\/v2\/posts"}],"about":[{"href":"https:\/\/acs.org.br\/academy\/wp-json\/wp\/v2\/types\/post"}],"author":[{"embeddable":true,"href":"https:\/\/acs.org.br\/academy\/wp-json\/wp\/v2\/users\/66"}],"replies":[{"embeddable":true,"href":"https:\/\/acs.org.br\/academy\/wp-json\/wp\/v2\/comments?post=114589"}],"version-history":[{"count":1,"href":"https:\/\/acs.org.br\/academy\/wp-json\/wp\/v2\/posts\/114589\/revisions"}],"predecessor-version":[{"id":114608,"href":"https:\/\/acs.org.br\/academy\/wp-json\/wp\/v2\/posts\/114589\/revisions\/114608"}],"wp:attachment":[{"href":"https:\/\/acs.org.br\/academy\/wp-json\/wp\/v2\/media?parent=114589"}],"wp:term":[{"taxonomy":"category","embeddable":true,"href":"https:\/\/acs.org.br\/academy\/wp-json\/wp\/v2\/categories?post=114589"},{"taxonomy":"post_tag","embeddable":true,"href":"https:\/\/acs.org.br\/academy\/wp-json\/wp\/v2\/tags?post=114589"}],"curies":[{"name":"wp","href":"https:\/\/api.w.org\/{rel}","templated":true}]}}