{"id":114587,"date":"2023-02-27T13:17:16","date_gmt":"2023-02-27T16:17:16","guid":{"rendered":"https:\/\/acs.org.br\/antigo\/?p=114587"},"modified":"2023-02-27T13:17:16","modified_gmt":"2023-02-27T16:17:16","slug":"porto-movimentacao-de-acucar-volta-a-se-destacar-no-porto-de-santos-em-janeiro","status":"publish","type":"post","link":"https:\/\/acs.org.br\/academy\/porto-movimentacao-de-acucar-volta-a-se-destacar-no-porto-de-santos-em-janeiro\/","title":{"rendered":"PORTO: Movimenta\u00e7\u00e3o de a\u00e7\u00facar volta a se destacar no Porto de Santos em janeiro"},"content":{"rendered":"<p>Fonte: Ag\u00eancia Porto<\/p>\n<p>O a\u00e7\u00facar foi o grande destaque na movimenta\u00e7\u00e3o de cargas no Porto de Santos em janeiro, com crescimento de 37,2%, somando 1,2 milh\u00e3o de toneladas, se comparado ao mesmo per\u00edodo de 2022. A commodity foi o destaque entre as cargas de exporta\u00e7\u00e3o, acompanhada pelo milho que tamb\u00e9m apresentou bom desempenho, totalizando 1,4 milh\u00e3o, um crescimento de 43,2%. O desempenho dessas cargas elevou em 0,9% o movimento de gran\u00e9is s\u00f3lidos.<\/p>\n<p><a href=\"https:\/\/agenciaporto.com\/noticias\/movimentacao-de-acucar-volta-a-se-destacar-no-porto-de-santos-em-janeiro\">LEIA MAIS&#8230;<\/a><\/p>\n","protected":false},"excerpt":{"rendered":"<p>Fonte: Ag\u00eancia Porto O a\u00e7\u00facar foi o grande destaque na movimenta\u00e7\u00e3o de cargas no Porto de Santos em janeiro, com crescimento de 37,2%, somando 1,2 milh\u00e3o de toneladas, se comparado ao mesmo per\u00edodo de 2022. A commodity foi o destaque entre as cargas de exporta\u00e7\u00e3o, acompanhada pelo milho que tamb\u00e9m apresentou bom desempenho, totalizando 1,4 [&hellip;]<\/p>\n","protected":false},"author":66,"featured_media":0,"comment_status":"open","ping_status":"open","sticky":false,"template":"","format":"standard","meta":{"footnotes":""},"categories":[105],"tags":[],"_links":{"self":[{"href":"https:\/\/acs.org.br\/academy\/wp-json\/wp\/v2\/posts\/114587"}],"collection":[{"href":"https:\/\/acs.org.br\/academy\/wp-json\/wp\/v2\/posts"}],"about":[{"href":"https:\/\/acs.org.br\/academy\/wp-json\/wp\/v2\/types\/post"}],"author":[{"embeddable":true,"href":"https:\/\/acs.org.br\/academy\/wp-json\/wp\/v2\/users\/66"}],"replies":[{"embeddable":true,"href":"https:\/\/acs.org.br\/academy\/wp-json\/wp\/v2\/comments?post=114587"}],"version-history":[{"count":1,"href":"https:\/\/acs.org.br\/academy\/wp-json\/wp\/v2\/posts\/114587\/revisions"}],"predecessor-version":[{"id":114592,"href":"https:\/\/acs.org.br\/academy\/wp-json\/wp\/v2\/posts\/114587\/revisions\/114592"}],"wp:attachment":[{"href":"https:\/\/acs.org.br\/academy\/wp-json\/wp\/v2\/media?parent=114587"}],"wp:term":[{"taxonomy":"category","embeddable":true,"href":"https:\/\/acs.org.br\/academy\/wp-json\/wp\/v2\/categories?post=114587"},{"taxonomy":"post_tag","embeddable":true,"href":"https:\/\/acs.org.br\/academy\/wp-json\/wp\/v2\/tags?post=114587"}],"curies":[{"name":"wp","href":"https:\/\/api.w.org\/{rel}","templated":true}]}}