{"id":114586,"date":"2023-02-27T13:16:52","date_gmt":"2023-02-27T16:16:52","guid":{"rendered":"https:\/\/acs.org.br\/antigo\/?p=114586"},"modified":"2023-02-27T13:16:52","modified_gmt":"2023-02-27T16:16:52","slug":"porto-governo-federal-fara-tunel-santos-guaruja-diz-franca","status":"publish","type":"post","link":"https:\/\/acs.org.br\/academy\/porto-governo-federal-fara-tunel-santos-guaruja-diz-franca\/","title":{"rendered":"PORTO: Governo Federal far\u00e1 t\u00fanel Santos-Guaruj\u00e1, diz Fran\u00e7a"},"content":{"rendered":"<p>Fonte: BE News<\/p>\n<p>O ministro de Portos e Aeroportos, M\u00e1rcio Fran\u00e7a, afirmou ontem que o Governo Federal far\u00e1 o t\u00fanel sob o canal de navega\u00e7\u00e3o do Porto de Santos (SP), ligando as duas margens do complexo mar\u00edtimo, nas cidades de Santos e de Guaruj\u00e1 (SP). Sem revelar como, ele se limitou a dizer que a Santos Port Authority (SPA, a Autoridade Portu\u00e1ria de Santos) \u201cvai ajudar a custear\u201d o empreendimento, or\u00e7ado pela SPA em R$ 4,2 bilh\u00f5es no ano passado.<\/p>\n<p><a href=\"https:\/\/portalbenews.com.br\/editoria\/hub\/governo-federal-fara-tunel-santos-guaruja-diz-franca\/\">LEIA MAIS&#8230;<\/a><\/p>\n","protected":false},"excerpt":{"rendered":"<p>Fonte: BE News O ministro de Portos e Aeroportos, M\u00e1rcio Fran\u00e7a, afirmou ontem que o Governo Federal far\u00e1 o t\u00fanel sob o canal de navega\u00e7\u00e3o do Porto de Santos (SP), ligando as duas margens do complexo mar\u00edtimo, nas cidades de Santos e de Guaruj\u00e1 (SP). Sem revelar como, ele se limitou a dizer que a [&hellip;]<\/p>\n","protected":false},"author":66,"featured_media":0,"comment_status":"open","ping_status":"open","sticky":false,"template":"","format":"standard","meta":{"footnotes":""},"categories":[105],"tags":[],"_links":{"self":[{"href":"https:\/\/acs.org.br\/academy\/wp-json\/wp\/v2\/posts\/114586"}],"collection":[{"href":"https:\/\/acs.org.br\/academy\/wp-json\/wp\/v2\/posts"}],"about":[{"href":"https:\/\/acs.org.br\/academy\/wp-json\/wp\/v2\/types\/post"}],"author":[{"embeddable":true,"href":"https:\/\/acs.org.br\/academy\/wp-json\/wp\/v2\/users\/66"}],"replies":[{"embeddable":true,"href":"https:\/\/acs.org.br\/academy\/wp-json\/wp\/v2\/comments?post=114586"}],"version-history":[{"count":1,"href":"https:\/\/acs.org.br\/academy\/wp-json\/wp\/v2\/posts\/114586\/revisions"}],"predecessor-version":[{"id":114591,"href":"https:\/\/acs.org.br\/academy\/wp-json\/wp\/v2\/posts\/114586\/revisions\/114591"}],"wp:attachment":[{"href":"https:\/\/acs.org.br\/academy\/wp-json\/wp\/v2\/media?parent=114586"}],"wp:term":[{"taxonomy":"category","embeddable":true,"href":"https:\/\/acs.org.br\/academy\/wp-json\/wp\/v2\/categories?post=114586"},{"taxonomy":"post_tag","embeddable":true,"href":"https:\/\/acs.org.br\/academy\/wp-json\/wp\/v2\/tags?post=114586"}],"curies":[{"name":"wp","href":"https:\/\/api.w.org\/{rel}","templated":true}]}}