{"id":114585,"date":"2023-02-27T13:16:26","date_gmt":"2023-02-27T16:16:26","guid":{"rendered":"https:\/\/acs.org.br\/antigo\/?p=114585"},"modified":"2023-02-27T13:16:26","modified_gmt":"2023-02-27T16:16:26","slug":"porto-marcio-franca-faz-balanco-de-dois-meses-no-comando-dos-portos-reacao-da-economia-muito-grande","status":"publish","type":"post","link":"https:\/\/acs.org.br\/academy\/porto-marcio-franca-faz-balanco-de-dois-meses-no-comando-dos-portos-reacao-da-economia-muito-grande\/","title":{"rendered":"PORTO: M\u00e1rcio Fran\u00e7a faz balan\u00e7o de dois meses no comando dos portos: \u2018Rea\u00e7\u00e3o da economia muito grande\u2019"},"content":{"rendered":"<p>Fonte: A Tribuna<\/p>\n<p>Prestes a completar dois meses no comando do Minist\u00e9rio de Portos e Aeroportos, M\u00e1rcio Fran\u00e7a vem cumprindo uma extensa agenda nas \u00faltimas semanas visitando diversos terminais portu\u00e1rios e aeroportos do Brasil.<\/p>\n<p><a href=\"https:\/\/www.atribuna.com.br\/noticias\/portomar\/marcio-franca-faz-balanco-de-dois-meses-no-comando-dos-portos-reacao-da-economia-muito-grande\">LEIA MAIS&#8230;<\/a><\/p>\n","protected":false},"excerpt":{"rendered":"<p>Fonte: A Tribuna Prestes a completar dois meses no comando do Minist\u00e9rio de Portos e Aeroportos, M\u00e1rcio Fran\u00e7a vem cumprindo uma extensa agenda nas \u00faltimas semanas visitando diversos terminais portu\u00e1rios e aeroportos do Brasil. LEIA MAIS&#8230;<\/p>\n","protected":false},"author":66,"featured_media":0,"comment_status":"open","ping_status":"open","sticky":false,"template":"","format":"standard","meta":{"footnotes":""},"categories":[105],"tags":[],"_links":{"self":[{"href":"https:\/\/acs.org.br\/academy\/wp-json\/wp\/v2\/posts\/114585"}],"collection":[{"href":"https:\/\/acs.org.br\/academy\/wp-json\/wp\/v2\/posts"}],"about":[{"href":"https:\/\/acs.org.br\/academy\/wp-json\/wp\/v2\/types\/post"}],"author":[{"embeddable":true,"href":"https:\/\/acs.org.br\/academy\/wp-json\/wp\/v2\/users\/66"}],"replies":[{"embeddable":true,"href":"https:\/\/acs.org.br\/academy\/wp-json\/wp\/v2\/comments?post=114585"}],"version-history":[{"count":1,"href":"https:\/\/acs.org.br\/academy\/wp-json\/wp\/v2\/posts\/114585\/revisions"}],"predecessor-version":[{"id":114590,"href":"https:\/\/acs.org.br\/academy\/wp-json\/wp\/v2\/posts\/114585\/revisions\/114590"}],"wp:attachment":[{"href":"https:\/\/acs.org.br\/academy\/wp-json\/wp\/v2\/media?parent=114585"}],"wp:term":[{"taxonomy":"category","embeddable":true,"href":"https:\/\/acs.org.br\/academy\/wp-json\/wp\/v2\/categories?post=114585"},{"taxonomy":"post_tag","embeddable":true,"href":"https:\/\/acs.org.br\/academy\/wp-json\/wp\/v2\/tags?post=114585"}],"curies":[{"name":"wp","href":"https:\/\/api.w.org\/{rel}","templated":true}]}}