{"id":114534,"date":"2023-02-24T12:48:53","date_gmt":"2023-02-24T15:48:53","guid":{"rendered":"https:\/\/acs.org.br\/antigo\/?p=114534"},"modified":"2023-02-24T12:48:53","modified_gmt":"2023-02-24T15:48:53","slug":"cafe-exportacao-de-cafe-do-brasil-cai-em-fevereiro-expectativa-de-safra-e-revisada-para-baixo","status":"publish","type":"post","link":"https:\/\/acs.org.br\/academy\/cafe-exportacao-de-cafe-do-brasil-cai-em-fevereiro-expectativa-de-safra-e-revisada-para-baixo\/","title":{"rendered":"CAF\u00c9: Exporta\u00e7\u00e3o de caf\u00e9 do Brasil cai em fevereiro, expectativa de safra \u00e9 revisada para baixo"},"content":{"rendered":"<p>Fonte: Not\u00edcias Agr\u00edcolas \u00a0<\/p>\n<p>As exporta\u00e7\u00f5es de caf\u00e9 do Brasil, maior fornecedor mundial, ca\u00edram acentuadamente em fevereiro, segundo dados preliminares do governo, enquanto um relat\u00f3rio independente divulgado nesta quinta-feira revisou para baixo as proje\u00e7\u00f5es para a nova safra.<\/p>\n<p><a href=\"https:\/\/www.noticiasagricolas.com.br\/noticias\/cafe\/341948-exportacao-de-cafe-do-brasil-cai-em-fevereiro-expectativa-de-safra-e-revisada-para-baixo.html#.Y_jVp3bMLIU\">LEIA MAIS&#8230;<\/a><\/p>\n","protected":false},"excerpt":{"rendered":"<p>Fonte: Not\u00edcias Agr\u00edcolas \u00a0 As exporta\u00e7\u00f5es de caf\u00e9 do Brasil, maior fornecedor mundial, ca\u00edram acentuadamente em fevereiro, segundo dados preliminares do governo, enquanto um relat\u00f3rio independente divulgado nesta quinta-feira revisou para baixo as proje\u00e7\u00f5es para a nova safra. LEIA MAIS&#8230;<\/p>\n","protected":false},"author":66,"featured_media":0,"comment_status":"open","ping_status":"open","sticky":false,"template":"","format":"standard","meta":{"footnotes":""},"categories":[105],"tags":[],"_links":{"self":[{"href":"https:\/\/acs.org.br\/academy\/wp-json\/wp\/v2\/posts\/114534"}],"collection":[{"href":"https:\/\/acs.org.br\/academy\/wp-json\/wp\/v2\/posts"}],"about":[{"href":"https:\/\/acs.org.br\/academy\/wp-json\/wp\/v2\/types\/post"}],"author":[{"embeddable":true,"href":"https:\/\/acs.org.br\/academy\/wp-json\/wp\/v2\/users\/66"}],"replies":[{"embeddable":true,"href":"https:\/\/acs.org.br\/academy\/wp-json\/wp\/v2\/comments?post=114534"}],"version-history":[{"count":1,"href":"https:\/\/acs.org.br\/academy\/wp-json\/wp\/v2\/posts\/114534\/revisions"}],"predecessor-version":[{"id":114535,"href":"https:\/\/acs.org.br\/academy\/wp-json\/wp\/v2\/posts\/114534\/revisions\/114535"}],"wp:attachment":[{"href":"https:\/\/acs.org.br\/academy\/wp-json\/wp\/v2\/media?parent=114534"}],"wp:term":[{"taxonomy":"category","embeddable":true,"href":"https:\/\/acs.org.br\/academy\/wp-json\/wp\/v2\/categories?post=114534"},{"taxonomy":"post_tag","embeddable":true,"href":"https:\/\/acs.org.br\/academy\/wp-json\/wp\/v2\/tags?post=114534"}],"curies":[{"name":"wp","href":"https:\/\/api.w.org\/{rel}","templated":true}]}}