{"id":114528,"date":"2023-02-24T12:48:20","date_gmt":"2023-02-24T15:48:20","guid":{"rendered":"https:\/\/acs.org.br\/antigo\/?p=114528"},"modified":"2023-02-24T12:48:20","modified_gmt":"2023-02-24T15:48:20","slug":"mundo-russia-estuda-proposta-de-lula-para-paz-na-ucrania-diz-vice-ministro-de-relacoes-exteriores","status":"publish","type":"post","link":"https:\/\/acs.org.br\/academy\/mundo-russia-estuda-proposta-de-lula-para-paz-na-ucrania-diz-vice-ministro-de-relacoes-exteriores\/","title":{"rendered":"MUNDO: R\u00fassia estuda proposta de Lula para paz na Ucr\u00e2nia, diz vice-ministro de Rela\u00e7\u00f5es Exteriores"},"content":{"rendered":"<p>Fonte: TV Cultura<\/p>\n<p>O governo da R\u00fassia avalia as propostas do presidente Luiz In\u00e1cio Lula da Silva (PT) para mediar a guerra na Ucr\u00e2nia e cessar o conflito, que completa um ano nesta sexta-feira (24). A informa\u00e7\u00e3o foi anunciada pelo vice-ministro das Rela\u00e7\u00f5es Exteriores da R\u00fassia, Mikhail Galuzin, em entrevista \u00e0 ag\u00eancia de not\u00edcias russa TASS, divulgada nesta quinta-feira (23).<\/p>\n<p><a href=\"https:\/\/cultura.uol.com.br\/noticias\/56373_russia-estuda-proposta-de-lula-para-paz-na-ucrania-diz-vice-ministro-de-relacoes-exteriores.html\">LEIA MAIS&#8230;<\/a><\/p>\n","protected":false},"excerpt":{"rendered":"<p>Fonte: TV Cultura O governo da R\u00fassia avalia as propostas do presidente Luiz In\u00e1cio Lula da Silva (PT) para mediar a guerra na Ucr\u00e2nia e cessar o conflito, que completa um ano nesta sexta-feira (24). A informa\u00e7\u00e3o foi anunciada pelo vice-ministro das Rela\u00e7\u00f5es Exteriores da R\u00fassia, Mikhail Galuzin, em entrevista \u00e0 ag\u00eancia de not\u00edcias russa [&hellip;]<\/p>\n","protected":false},"author":66,"featured_media":0,"comment_status":"open","ping_status":"open","sticky":false,"template":"","format":"standard","meta":{"footnotes":""},"categories":[105],"tags":[],"_links":{"self":[{"href":"https:\/\/acs.org.br\/academy\/wp-json\/wp\/v2\/posts\/114528"}],"collection":[{"href":"https:\/\/acs.org.br\/academy\/wp-json\/wp\/v2\/posts"}],"about":[{"href":"https:\/\/acs.org.br\/academy\/wp-json\/wp\/v2\/types\/post"}],"author":[{"embeddable":true,"href":"https:\/\/acs.org.br\/academy\/wp-json\/wp\/v2\/users\/66"}],"replies":[{"embeddable":true,"href":"https:\/\/acs.org.br\/academy\/wp-json\/wp\/v2\/comments?post=114528"}],"version-history":[{"count":1,"href":"https:\/\/acs.org.br\/academy\/wp-json\/wp\/v2\/posts\/114528\/revisions"}],"predecessor-version":[{"id":114533,"href":"https:\/\/acs.org.br\/academy\/wp-json\/wp\/v2\/posts\/114528\/revisions\/114533"}],"wp:attachment":[{"href":"https:\/\/acs.org.br\/academy\/wp-json\/wp\/v2\/media?parent=114528"}],"wp:term":[{"taxonomy":"category","embeddable":true,"href":"https:\/\/acs.org.br\/academy\/wp-json\/wp\/v2\/categories?post=114528"},{"taxonomy":"post_tag","embeddable":true,"href":"https:\/\/acs.org.br\/academy\/wp-json\/wp\/v2\/tags?post=114528"}],"curies":[{"name":"wp","href":"https:\/\/api.w.org\/{rel}","templated":true}]}}