{"id":114520,"date":"2023-02-24T12:46:47","date_gmt":"2023-02-24T15:46:47","guid":{"rendered":"https:\/\/acs.org.br\/antigo\/?p=114520"},"modified":"2023-02-24T12:46:47","modified_gmt":"2023-02-24T15:46:47","slug":"comercio-exterior-ministro-se-reune-com-embaixador-da-china-apos-suspensao-da-exportacao-de-carne-bovina","status":"publish","type":"post","link":"https:\/\/acs.org.br\/academy\/comercio-exterior-ministro-se-reune-com-embaixador-da-china-apos-suspensao-da-exportacao-de-carne-bovina\/","title":{"rendered":"COM\u00c9RCIO EXTERIOR: Ministro se re\u00fane com embaixador da China ap\u00f3s suspens\u00e3o da exporta\u00e7\u00e3o de carne bovina"},"content":{"rendered":"<p>Fonte: BE News<\/p>\n<p>O ministro da Agricultura e Pecu\u00e1ria, Carlos F\u00e1varo, recebeu ontem (23) o embaixador da China no Brasil, Zhu Qingqiao, para detalhar o trabalho que est\u00e1 sendo feito pelo governo brasileiro a fim de monitorar o caso confirmado nesta semana do \u201cmal da vaca louca\u201d, em um animal de uma fazenda do munic\u00edpio de Marab\u00e1 (PA).<\/p>\n<p><a href=\"https:\/\/portalbenews.com.br\/editoria\/nacional\/ministro-se-reune-com-embaixador-da-china-apos-suspensao-da-exportacao-de-carne-bovina\/\">LEIA MAIS&#8230;<\/a><\/p>\n","protected":false},"excerpt":{"rendered":"<p>Fonte: BE News O ministro da Agricultura e Pecu\u00e1ria, Carlos F\u00e1varo, recebeu ontem (23) o embaixador da China no Brasil, Zhu Qingqiao, para detalhar o trabalho que est\u00e1 sendo feito pelo governo brasileiro a fim de monitorar o caso confirmado nesta semana do \u201cmal da vaca louca\u201d, em um animal de uma fazenda do munic\u00edpio [&hellip;]<\/p>\n","protected":false},"author":66,"featured_media":0,"comment_status":"open","ping_status":"open","sticky":false,"template":"","format":"standard","meta":{"footnotes":""},"categories":[105],"tags":[],"_links":{"self":[{"href":"https:\/\/acs.org.br\/academy\/wp-json\/wp\/v2\/posts\/114520"}],"collection":[{"href":"https:\/\/acs.org.br\/academy\/wp-json\/wp\/v2\/posts"}],"about":[{"href":"https:\/\/acs.org.br\/academy\/wp-json\/wp\/v2\/types\/post"}],"author":[{"embeddable":true,"href":"https:\/\/acs.org.br\/academy\/wp-json\/wp\/v2\/users\/66"}],"replies":[{"embeddable":true,"href":"https:\/\/acs.org.br\/academy\/wp-json\/wp\/v2\/comments?post=114520"}],"version-history":[{"count":1,"href":"https:\/\/acs.org.br\/academy\/wp-json\/wp\/v2\/posts\/114520\/revisions"}],"predecessor-version":[{"id":114527,"href":"https:\/\/acs.org.br\/academy\/wp-json\/wp\/v2\/posts\/114520\/revisions\/114527"}],"wp:attachment":[{"href":"https:\/\/acs.org.br\/academy\/wp-json\/wp\/v2\/media?parent=114520"}],"wp:term":[{"taxonomy":"category","embeddable":true,"href":"https:\/\/acs.org.br\/academy\/wp-json\/wp\/v2\/categories?post=114520"},{"taxonomy":"post_tag","embeddable":true,"href":"https:\/\/acs.org.br\/academy\/wp-json\/wp\/v2\/tags?post=114520"}],"curies":[{"name":"wp","href":"https:\/\/api.w.org\/{rel}","templated":true}]}}