{"id":114519,"date":"2023-02-24T12:46:18","date_gmt":"2023-02-24T15:46:18","guid":{"rendered":"https:\/\/acs.org.br\/antigo\/?p=114519"},"modified":"2023-02-24T12:46:18","modified_gmt":"2023-02-24T15:46:18","slug":"economia-bc-contas-externas-tem-saldo-negativo-de-us-88-bilhoes-em-janeiro","status":"publish","type":"post","link":"https:\/\/acs.org.br\/academy\/economia-bc-contas-externas-tem-saldo-negativo-de-us-88-bilhoes-em-janeiro\/","title":{"rendered":"ECONOMIA: BC: contas externas t\u00eam saldo negativo de US$ 8,8 bilh\u00f5es em janeiro"},"content":{"rendered":"<p>Fonte: Ag\u00eancia Brasil<\/p>\n<p>As contas externas iniciaram este ano com d\u00e9ficit de US$ 8,791 bilh\u00f5es, de acordo com dados do Banco Central (BC) divulgados hoje (24). Em janeiro do ano passado, o saldo negativo das transa\u00e7\u00f5es correntes \u2013 compras e vendas de mercadorias e servi\u00e7os e transfer\u00eancias de renda do pa\u00eds com o mundo \u2013 foi maior, tendo ficado em US$ 9,396 bilh\u00f5es.<\/p>\n<p><a href=\"https:\/\/agenciabrasil.ebc.com.br\/economia\/noticia\/2023-02\/bc-contas-externas-tem-saldo-negativo-de-us-88-bilhoes-em-janeiro\">LEIA MAIS&#8230;<\/a><\/p>\n","protected":false},"excerpt":{"rendered":"<p>Fonte: Ag\u00eancia Brasil As contas externas iniciaram este ano com d\u00e9ficit de US$ 8,791 bilh\u00f5es, de acordo com dados do Banco Central (BC) divulgados hoje (24). Em janeiro do ano passado, o saldo negativo das transa\u00e7\u00f5es correntes \u2013 compras e vendas de mercadorias e servi\u00e7os e transfer\u00eancias de renda do pa\u00eds com o mundo \u2013 [&hellip;]<\/p>\n","protected":false},"author":66,"featured_media":0,"comment_status":"open","ping_status":"open","sticky":false,"template":"","format":"standard","meta":{"footnotes":""},"categories":[105],"tags":[],"_links":{"self":[{"href":"https:\/\/acs.org.br\/academy\/wp-json\/wp\/v2\/posts\/114519"}],"collection":[{"href":"https:\/\/acs.org.br\/academy\/wp-json\/wp\/v2\/posts"}],"about":[{"href":"https:\/\/acs.org.br\/academy\/wp-json\/wp\/v2\/types\/post"}],"author":[{"embeddable":true,"href":"https:\/\/acs.org.br\/academy\/wp-json\/wp\/v2\/users\/66"}],"replies":[{"embeddable":true,"href":"https:\/\/acs.org.br\/academy\/wp-json\/wp\/v2\/comments?post=114519"}],"version-history":[{"count":1,"href":"https:\/\/acs.org.br\/academy\/wp-json\/wp\/v2\/posts\/114519\/revisions"}],"predecessor-version":[{"id":114526,"href":"https:\/\/acs.org.br\/academy\/wp-json\/wp\/v2\/posts\/114519\/revisions\/114526"}],"wp:attachment":[{"href":"https:\/\/acs.org.br\/academy\/wp-json\/wp\/v2\/media?parent=114519"}],"wp:term":[{"taxonomy":"category","embeddable":true,"href":"https:\/\/acs.org.br\/academy\/wp-json\/wp\/v2\/categories?post=114519"},{"taxonomy":"post_tag","embeddable":true,"href":"https:\/\/acs.org.br\/academy\/wp-json\/wp\/v2\/tags?post=114519"}],"curies":[{"name":"wp","href":"https:\/\/api.w.org\/{rel}","templated":true}]}}