{"id":114517,"date":"2023-02-24T12:45:21","date_gmt":"2023-02-24T15:45:21","guid":{"rendered":"https:\/\/acs.org.br\/antigo\/?p=114517"},"modified":"2023-02-24T12:45:21","modified_gmt":"2023-02-24T15:45:21","slug":"economia-previa-da-inflacao-foi-de-076-em-fevereiro-diz-ibge","status":"publish","type":"post","link":"https:\/\/acs.org.br\/academy\/economia-previa-da-inflacao-foi-de-076-em-fevereiro-diz-ibge\/","title":{"rendered":"ECONOMIA: Pr\u00e9via da infla\u00e7\u00e3o foi de 0,76% em fevereiro, diz IBGE"},"content":{"rendered":"<p>Fonte: Poder 360<\/p>\n<p>A pr\u00e9via da infla\u00e7\u00e3o foi de 0,76% em fevereiro, divulgou nesta 6\u00aa feira (24.fev.2023) o IBGE (Instituto Brasileiro de Geografia e Estat\u00edstica).<\/p>\n<p>O IPCA-15 (\u00cdndice Nacional de Pre\u00e7os ao Consumidor Amplo 15) ficou 0,21 ponto percentual acima do resultado de janeiro, quando foi de 0,55%.<\/p>\n<p><a href=\"https:\/\/www.poder360.com.br\/economia\/previa-da-inflacao-foi-de-076-em-fevereiro-diz-ibge\/\">LEIA MAIS&#8230;<\/a><\/p>\n","protected":false},"excerpt":{"rendered":"<p>Fonte: Poder 360 A pr\u00e9via da infla\u00e7\u00e3o foi de 0,76% em fevereiro, divulgou nesta 6\u00aa feira (24.fev.2023) o IBGE (Instituto Brasileiro de Geografia e Estat\u00edstica). O IPCA-15 (\u00cdndice Nacional de Pre\u00e7os ao Consumidor Amplo 15) ficou 0,21 ponto percentual acima do resultado de janeiro, quando foi de 0,55%. LEIA MAIS&#8230;<\/p>\n","protected":false},"author":66,"featured_media":0,"comment_status":"open","ping_status":"open","sticky":false,"template":"","format":"standard","meta":{"footnotes":""},"categories":[105],"tags":[],"_links":{"self":[{"href":"https:\/\/acs.org.br\/academy\/wp-json\/wp\/v2\/posts\/114517"}],"collection":[{"href":"https:\/\/acs.org.br\/academy\/wp-json\/wp\/v2\/posts"}],"about":[{"href":"https:\/\/acs.org.br\/academy\/wp-json\/wp\/v2\/types\/post"}],"author":[{"embeddable":true,"href":"https:\/\/acs.org.br\/academy\/wp-json\/wp\/v2\/users\/66"}],"replies":[{"embeddable":true,"href":"https:\/\/acs.org.br\/academy\/wp-json\/wp\/v2\/comments?post=114517"}],"version-history":[{"count":1,"href":"https:\/\/acs.org.br\/academy\/wp-json\/wp\/v2\/posts\/114517\/revisions"}],"predecessor-version":[{"id":114524,"href":"https:\/\/acs.org.br\/academy\/wp-json\/wp\/v2\/posts\/114517\/revisions\/114524"}],"wp:attachment":[{"href":"https:\/\/acs.org.br\/academy\/wp-json\/wp\/v2\/media?parent=114517"}],"wp:term":[{"taxonomy":"category","embeddable":true,"href":"https:\/\/acs.org.br\/academy\/wp-json\/wp\/v2\/categories?post=114517"},{"taxonomy":"post_tag","embeddable":true,"href":"https:\/\/acs.org.br\/academy\/wp-json\/wp\/v2\/tags?post=114517"}],"curies":[{"name":"wp","href":"https:\/\/api.w.org\/{rel}","templated":true}]}}