{"id":114516,"date":"2023-02-24T12:44:56","date_gmt":"2023-02-24T15:44:56","guid":{"rendered":"https:\/\/acs.org.br\/antigo\/?p=114516"},"modified":"2023-02-24T12:44:56","modified_gmt":"2023-02-24T15:44:56","slug":"porto-navio-atlantico-traz-medicos-helicopteros-e-socorrera-vitimas-da-tragedia-no-litoral-norte","status":"publish","type":"post","link":"https:\/\/acs.org.br\/academy\/porto-navio-atlantico-traz-medicos-helicopteros-e-socorrera-vitimas-da-tragedia-no-litoral-norte\/","title":{"rendered":"PORTO: Navio Atl\u00e2ntico traz m\u00e9dicos, helic\u00f3pteros e socorrer\u00e1 v\u00edtimas da trag\u00e9dia no Litoral Norte"},"content":{"rendered":"<p>Fonte: Santaportal \u00a0<\/p>\n<p>Um navio Atl\u00e2ntico, equipado com m\u00e9dicos, dentistas, helic\u00f3pteros, embarca\u00e7\u00f5es e fuzileiros foi entregue, por ordem do presidente Lula, \u00e1s for\u00e7as conjuntas que socorrem as v\u00edtimas da trag\u00e9dia, em S\u00e3o Sebasti\u00e3o.<\/p>\n<p><a href=\"https:\/\/santaportal.com.br\/litoral-norte-sp\/navio-atlantico-traz-medicos-helicopteros-e-socorrera-vitimas-da-tragedia-no-litoral-norte\/\">LEIA MAIS&#8230;<\/a><\/p>\n","protected":false},"excerpt":{"rendered":"<p>Fonte: Santaportal \u00a0 Um navio Atl\u00e2ntico, equipado com m\u00e9dicos, dentistas, helic\u00f3pteros, embarca\u00e7\u00f5es e fuzileiros foi entregue, por ordem do presidente Lula, \u00e1s for\u00e7as conjuntas que socorrem as v\u00edtimas da trag\u00e9dia, em S\u00e3o Sebasti\u00e3o. LEIA MAIS&#8230;<\/p>\n","protected":false},"author":66,"featured_media":0,"comment_status":"open","ping_status":"open","sticky":false,"template":"","format":"standard","meta":{"footnotes":""},"categories":[105],"tags":[],"_links":{"self":[{"href":"https:\/\/acs.org.br\/academy\/wp-json\/wp\/v2\/posts\/114516"}],"collection":[{"href":"https:\/\/acs.org.br\/academy\/wp-json\/wp\/v2\/posts"}],"about":[{"href":"https:\/\/acs.org.br\/academy\/wp-json\/wp\/v2\/types\/post"}],"author":[{"embeddable":true,"href":"https:\/\/acs.org.br\/academy\/wp-json\/wp\/v2\/users\/66"}],"replies":[{"embeddable":true,"href":"https:\/\/acs.org.br\/academy\/wp-json\/wp\/v2\/comments?post=114516"}],"version-history":[{"count":1,"href":"https:\/\/acs.org.br\/academy\/wp-json\/wp\/v2\/posts\/114516\/revisions"}],"predecessor-version":[{"id":114523,"href":"https:\/\/acs.org.br\/academy\/wp-json\/wp\/v2\/posts\/114516\/revisions\/114523"}],"wp:attachment":[{"href":"https:\/\/acs.org.br\/academy\/wp-json\/wp\/v2\/media?parent=114516"}],"wp:term":[{"taxonomy":"category","embeddable":true,"href":"https:\/\/acs.org.br\/academy\/wp-json\/wp\/v2\/categories?post=114516"},{"taxonomy":"post_tag","embeddable":true,"href":"https:\/\/acs.org.br\/academy\/wp-json\/wp\/v2\/tags?post=114516"}],"curies":[{"name":"wp","href":"https:\/\/api.w.org\/{rel}","templated":true}]}}