{"id":114515,"date":"2023-02-24T12:44:30","date_gmt":"2023-02-24T15:44:30","guid":{"rendered":"https:\/\/acs.org.br\/antigo\/?p=114515"},"modified":"2023-02-24T12:44:30","modified_gmt":"2023-02-24T15:44:30","slug":"porto-porto-de-santos-ve-alta-nas-exportacoes-de-milho-e-soja-apos-um-ano-de-guerra-na-ucrania","status":"publish","type":"post","link":"https:\/\/acs.org.br\/academy\/porto-porto-de-santos-ve-alta-nas-exportacoes-de-milho-e-soja-apos-um-ano-de-guerra-na-ucrania\/","title":{"rendered":"PORTO: Porto de Santos v\u00ea alta nas exporta\u00e7\u00f5es de milho e soja ap\u00f3s um ano de guerra na Ucr\u00e2nia"},"content":{"rendered":"<p>Fonte: A Tribuna<\/p>\n<p>A guerra na Ucr\u00e2nia um ano nesta sexta-feira (24) e, contrariando as expectativas iniciais e a onda inflacion\u00e1ria global, favoreceu as exporta\u00e7\u00f5es de gr\u00e3os do Brasil, em especial de milho, ao longo de 2022.<\/p>\n<p><a href=\"https:\/\/www.atribuna.com.br\/noticias\/portomar\/porto-de-santos-ve-alta-nas-exportacoes-de-milho-e-soja-apos-um-ano-de-guerra-na-ucrania\">LEIA MAIS&#8230;<\/a><\/p>\n","protected":false},"excerpt":{"rendered":"<p>Fonte: A Tribuna A guerra na Ucr\u00e2nia um ano nesta sexta-feira (24) e, contrariando as expectativas iniciais e a onda inflacion\u00e1ria global, favoreceu as exporta\u00e7\u00f5es de gr\u00e3os do Brasil, em especial de milho, ao longo de 2022. LEIA MAIS&#8230;<\/p>\n","protected":false},"author":66,"featured_media":0,"comment_status":"open","ping_status":"open","sticky":false,"template":"","format":"standard","meta":{"footnotes":""},"categories":[105],"tags":[],"_links":{"self":[{"href":"https:\/\/acs.org.br\/academy\/wp-json\/wp\/v2\/posts\/114515"}],"collection":[{"href":"https:\/\/acs.org.br\/academy\/wp-json\/wp\/v2\/posts"}],"about":[{"href":"https:\/\/acs.org.br\/academy\/wp-json\/wp\/v2\/types\/post"}],"author":[{"embeddable":true,"href":"https:\/\/acs.org.br\/academy\/wp-json\/wp\/v2\/users\/66"}],"replies":[{"embeddable":true,"href":"https:\/\/acs.org.br\/academy\/wp-json\/wp\/v2\/comments?post=114515"}],"version-history":[{"count":1,"href":"https:\/\/acs.org.br\/academy\/wp-json\/wp\/v2\/posts\/114515\/revisions"}],"predecessor-version":[{"id":114522,"href":"https:\/\/acs.org.br\/academy\/wp-json\/wp\/v2\/posts\/114515\/revisions\/114522"}],"wp:attachment":[{"href":"https:\/\/acs.org.br\/academy\/wp-json\/wp\/v2\/media?parent=114515"}],"wp:term":[{"taxonomy":"category","embeddable":true,"href":"https:\/\/acs.org.br\/academy\/wp-json\/wp\/v2\/categories?post=114515"},{"taxonomy":"post_tag","embeddable":true,"href":"https:\/\/acs.org.br\/academy\/wp-json\/wp\/v2\/tags?post=114515"}],"curies":[{"name":"wp","href":"https:\/\/api.w.org\/{rel}","templated":true}]}}