{"id":114514,"date":"2023-02-24T12:44:05","date_gmt":"2023-02-24T15:44:05","guid":{"rendered":"https:\/\/acs.org.br\/antigo\/?p=114514"},"modified":"2023-02-24T12:44:05","modified_gmt":"2023-02-24T15:44:05","slug":"porto-planejamento-portuario-e-estatistica-de-cargas","status":"publish","type":"post","link":"https:\/\/acs.org.br\/academy\/porto-planejamento-portuario-e-estatistica-de-cargas\/","title":{"rendered":"PORTO: Planejamento portu\u00e1rio e estat\u00edstica de cargas"},"content":{"rendered":"<p>Fonte: A Tribuna<\/p>\n<p>A Ag\u00eancia Nacional de Transportes Aquavi\u00e1rios (Antaq) divulga mensalmente os dados do setor aquavi\u00e1rio nacional e, em fevereiro, n\u00e3o foi diferente, com a oficializa\u00e7\u00e3o do Desempenho Aquavi\u00e1rio de 2022.<\/p>\n<p>No \u00faltimo dia 8, mostramos as estat\u00edsticas da movimenta\u00e7\u00e3o de cargas dos portos e terminais portu\u00e1rios e as an\u00e1lises do comportamento das rotas de navega\u00e7\u00e3o que visitam a costa brasileira, al\u00e9m de uma leitura das tend\u00eancias de comportamento do setor e a apresenta\u00e7\u00e3o de uma estimativa de movimenta\u00e7\u00e3o para o ano que se inicia.<\/p>\n<p><a href=\"https:\/\/www.atribuna.com.br\/opiniao\/flavia-takafashi\/planejamento-portuario-e-estatistica-de-cargas\">LEIA MAIS&#8230;<\/a><\/p>\n","protected":false},"excerpt":{"rendered":"<p>Fonte: A Tribuna A Ag\u00eancia Nacional de Transportes Aquavi\u00e1rios (Antaq) divulga mensalmente os dados do setor aquavi\u00e1rio nacional e, em fevereiro, n\u00e3o foi diferente, com a oficializa\u00e7\u00e3o do Desempenho Aquavi\u00e1rio de 2022. No \u00faltimo dia 8, mostramos as estat\u00edsticas da movimenta\u00e7\u00e3o de cargas dos portos e terminais portu\u00e1rios e as an\u00e1lises do comportamento das rotas [&hellip;]<\/p>\n","protected":false},"author":66,"featured_media":0,"comment_status":"open","ping_status":"open","sticky":false,"template":"","format":"standard","meta":{"footnotes":""},"categories":[105],"tags":[],"_links":{"self":[{"href":"https:\/\/acs.org.br\/academy\/wp-json\/wp\/v2\/posts\/114514"}],"collection":[{"href":"https:\/\/acs.org.br\/academy\/wp-json\/wp\/v2\/posts"}],"about":[{"href":"https:\/\/acs.org.br\/academy\/wp-json\/wp\/v2\/types\/post"}],"author":[{"embeddable":true,"href":"https:\/\/acs.org.br\/academy\/wp-json\/wp\/v2\/users\/66"}],"replies":[{"embeddable":true,"href":"https:\/\/acs.org.br\/academy\/wp-json\/wp\/v2\/comments?post=114514"}],"version-history":[{"count":1,"href":"https:\/\/acs.org.br\/academy\/wp-json\/wp\/v2\/posts\/114514\/revisions"}],"predecessor-version":[{"id":114521,"href":"https:\/\/acs.org.br\/academy\/wp-json\/wp\/v2\/posts\/114514\/revisions\/114521"}],"wp:attachment":[{"href":"https:\/\/acs.org.br\/academy\/wp-json\/wp\/v2\/media?parent=114514"}],"wp:term":[{"taxonomy":"category","embeddable":true,"href":"https:\/\/acs.org.br\/academy\/wp-json\/wp\/v2\/categories?post=114514"},{"taxonomy":"post_tag","embeddable":true,"href":"https:\/\/acs.org.br\/academy\/wp-json\/wp\/v2\/tags?post=114514"}],"curies":[{"name":"wp","href":"https:\/\/api.w.org\/{rel}","templated":true}]}}