{"id":114480,"date":"2023-02-23T13:38:20","date_gmt":"2023-02-23T16:38:20","guid":{"rendered":"https:\/\/acs.org.br\/antigo\/?p=114480"},"modified":"2023-02-23T13:38:20","modified_gmt":"2023-02-23T16:38:20","slug":"atualidades-sao-sebastiao-governo-libera-mais-r-7-milhoes-e-inicia-trabalhos-em-gabinete-de-crise","status":"publish","type":"post","link":"https:\/\/acs.org.br\/academy\/atualidades-sao-sebastiao-governo-libera-mais-r-7-milhoes-e-inicia-trabalhos-em-gabinete-de-crise\/","title":{"rendered":"ATUALIDADES: S\u00e3o Sebasti\u00e3o: governo libera mais R$ 7 milh\u00f5es e inicia trabalhos em gabinete de crise"},"content":{"rendered":"<p>Fonte: BE News<\/p>\n<p>O Governo Federal j\u00e1 destinou o valor de R$ 60 milh\u00f5es voltados para assist\u00eancia e ajuda humanit\u00e1ria ao munic\u00edpio de S\u00e3o Sebasti\u00e3o, que foi tragicamente castigado pelas fortes chuvas ocorridas durante o final de semana do Carnaval. At\u00e9 a \u00faltima contagem do Governo de S\u00e3o Paulo, o n\u00famero de desaparecidos est\u00e1 em 60, com quase 50 \u00f3bitos j\u00e1 confirmados. Ontem (22), o governo anunciou o repasse de mais R$ 7 milh\u00f5es ao munic\u00edpio.<\/p>\n<p><a href=\"https:\/\/portalbenews.com.br\/editoria\/regiao\/regiao-sudeste\/sao-sebastiao-governo-libera-mais-r-7-milhoes-e-inicia-trabalhos-em-gabinete-de-crise\/\">LEIA MAIS&#8230;<\/a><\/p>\n","protected":false},"excerpt":{"rendered":"<p>Fonte: BE News O Governo Federal j\u00e1 destinou o valor de R$ 60 milh\u00f5es voltados para assist\u00eancia e ajuda humanit\u00e1ria ao munic\u00edpio de S\u00e3o Sebasti\u00e3o, que foi tragicamente castigado pelas fortes chuvas ocorridas durante o final de semana do Carnaval. At\u00e9 a \u00faltima contagem do Governo de S\u00e3o Paulo, o n\u00famero de desaparecidos est\u00e1 em [&hellip;]<\/p>\n","protected":false},"author":66,"featured_media":0,"comment_status":"open","ping_status":"open","sticky":false,"template":"","format":"standard","meta":{"footnotes":""},"categories":[105],"tags":[],"_links":{"self":[{"href":"https:\/\/acs.org.br\/academy\/wp-json\/wp\/v2\/posts\/114480"}],"collection":[{"href":"https:\/\/acs.org.br\/academy\/wp-json\/wp\/v2\/posts"}],"about":[{"href":"https:\/\/acs.org.br\/academy\/wp-json\/wp\/v2\/types\/post"}],"author":[{"embeddable":true,"href":"https:\/\/acs.org.br\/academy\/wp-json\/wp\/v2\/users\/66"}],"replies":[{"embeddable":true,"href":"https:\/\/acs.org.br\/academy\/wp-json\/wp\/v2\/comments?post=114480"}],"version-history":[{"count":1,"href":"https:\/\/acs.org.br\/academy\/wp-json\/wp\/v2\/posts\/114480\/revisions"}],"predecessor-version":[{"id":114482,"href":"https:\/\/acs.org.br\/academy\/wp-json\/wp\/v2\/posts\/114480\/revisions\/114482"}],"wp:attachment":[{"href":"https:\/\/acs.org.br\/academy\/wp-json\/wp\/v2\/media?parent=114480"}],"wp:term":[{"taxonomy":"category","embeddable":true,"href":"https:\/\/acs.org.br\/academy\/wp-json\/wp\/v2\/categories?post=114480"},{"taxonomy":"post_tag","embeddable":true,"href":"https:\/\/acs.org.br\/academy\/wp-json\/wp\/v2\/tags?post=114480"}],"curies":[{"name":"wp","href":"https:\/\/api.w.org\/{rel}","templated":true}]}}