{"id":114473,"date":"2023-02-23T13:37:20","date_gmt":"2023-02-23T16:37:20","guid":{"rendered":"https:\/\/acs.org.br\/antigo\/?p=114473"},"modified":"2023-02-23T13:37:20","modified_gmt":"2023-02-23T16:37:20","slug":"comercio-exterior-em-dubai-comitiva-do-mapa-reforca-papel-do-brasil-na-exportacao-de-proteina-halal","status":"publish","type":"post","link":"https:\/\/acs.org.br\/academy\/comercio-exterior-em-dubai-comitiva-do-mapa-reforca-papel-do-brasil-na-exportacao-de-proteina-halal\/","title":{"rendered":"COM\u00c9RCIO EXTERIOR: Em Dubai, comitiva do Mapa refor\u00e7a papel do Brasil na exporta\u00e7\u00e3o de prote\u00edna Halal"},"content":{"rendered":"<p>Fonte: Informativo dos Portos<\/p>\n<p>O Minist\u00e9rio da Agricultura e Pecu\u00e1ria (Mapa) marcou presen\u00e7a, no in\u00edcio desta semana, na Gulfood, feira internacional de alimentos e bebidas, realizada em Dubai, nos Emirados \u00c1rabes Unidos.<\/p>\n<p>Os secret\u00e1rios de Com\u00e9rcio e Rela\u00e7\u00f5es Internacionais, Roberto Perosa, e de Defesa Agropecu\u00e1ria, Carlos Goulart, representaram o Mapa no Pavilh\u00e3o Brasil na feira, que acontece at\u00e9 o dia 24 deste m\u00eas.<\/p>\n<p><a href=\"https:\/\/www.informativodosportos.com.br\/em-dubai-comitiva-do-mapa-reforca-papel-do-brasil-na-exportacao-de-proteina-halal\/\">LEIA MAIS&#8230;<\/a><\/p>\n","protected":false},"excerpt":{"rendered":"<p>Fonte: Informativo dos Portos O Minist\u00e9rio da Agricultura e Pecu\u00e1ria (Mapa) marcou presen\u00e7a, no in\u00edcio desta semana, na Gulfood, feira internacional de alimentos e bebidas, realizada em Dubai, nos Emirados \u00c1rabes Unidos. Os secret\u00e1rios de Com\u00e9rcio e Rela\u00e7\u00f5es Internacionais, Roberto Perosa, e de Defesa Agropecu\u00e1ria, Carlos Goulart, representaram o Mapa no Pavilh\u00e3o Brasil na feira, [&hellip;]<\/p>\n","protected":false},"author":66,"featured_media":0,"comment_status":"open","ping_status":"open","sticky":false,"template":"","format":"standard","meta":{"footnotes":""},"categories":[105],"tags":[],"_links":{"self":[{"href":"https:\/\/acs.org.br\/academy\/wp-json\/wp\/v2\/posts\/114473"}],"collection":[{"href":"https:\/\/acs.org.br\/academy\/wp-json\/wp\/v2\/posts"}],"about":[{"href":"https:\/\/acs.org.br\/academy\/wp-json\/wp\/v2\/types\/post"}],"author":[{"embeddable":true,"href":"https:\/\/acs.org.br\/academy\/wp-json\/wp\/v2\/users\/66"}],"replies":[{"embeddable":true,"href":"https:\/\/acs.org.br\/academy\/wp-json\/wp\/v2\/comments?post=114473"}],"version-history":[{"count":1,"href":"https:\/\/acs.org.br\/academy\/wp-json\/wp\/v2\/posts\/114473\/revisions"}],"predecessor-version":[{"id":114477,"href":"https:\/\/acs.org.br\/academy\/wp-json\/wp\/v2\/posts\/114473\/revisions\/114477"}],"wp:attachment":[{"href":"https:\/\/acs.org.br\/academy\/wp-json\/wp\/v2\/media?parent=114473"}],"wp:term":[{"taxonomy":"category","embeddable":true,"href":"https:\/\/acs.org.br\/academy\/wp-json\/wp\/v2\/categories?post=114473"},{"taxonomy":"post_tag","embeddable":true,"href":"https:\/\/acs.org.br\/academy\/wp-json\/wp\/v2\/tags?post=114473"}],"curies":[{"name":"wp","href":"https:\/\/api.w.org\/{rel}","templated":true}]}}