{"id":114472,"date":"2023-02-23T13:36:52","date_gmt":"2023-02-23T16:36:52","guid":{"rendered":"https:\/\/acs.org.br\/antigo\/?p=114472"},"modified":"2023-02-23T13:36:52","modified_gmt":"2023-02-23T16:36:52","slug":"comercio-exterior-exportacoes-de-carne-bovina-para-china-devem-ser-retomadas-em-abril-segundo-aeb","status":"publish","type":"post","link":"https:\/\/acs.org.br\/academy\/comercio-exterior-exportacoes-de-carne-bovina-para-china-devem-ser-retomadas-em-abril-segundo-aeb\/","title":{"rendered":"COM\u00c9RCIO EXTERIOR: Exporta\u00e7\u00f5es de carne bovina para China devem ser retomadas em abril, segundo AEB"},"content":{"rendered":"<p>Fonte: CNN Brasil<\/p>\n<p>A suspens\u00e3o das exporta\u00e7\u00f5es de carne bovina para a China deve durar at\u00e9 abril, segundo Jos\u00e9 Augusto de Castro, presidente da Associa\u00e7\u00e3o de Exportadores Brasileiros.<\/p>\n<p>O prazo \u00e9 mais realista, segundo o executivo disse \u00e0 CNN, pelo tempo necess\u00e1rio para esclarecer todos os pontos e retomar os embarques. Para Augusto de Castro, o setor vai amargar um preju\u00edzo de cerca de US$ 500 milh\u00f5es.<\/p>\n<p><a href=\"https:\/\/www.cnnbrasil.com.br\/business\/exportacoes-de-carne-bovina-para-china-devem-ser-retomadas-em-abril-segundo-aeb\/\">LEIA MAIS&#8230;<\/a><\/p>\n","protected":false},"excerpt":{"rendered":"<p>Fonte: CNN Brasil A suspens\u00e3o das exporta\u00e7\u00f5es de carne bovina para a China deve durar at\u00e9 abril, segundo Jos\u00e9 Augusto de Castro, presidente da Associa\u00e7\u00e3o de Exportadores Brasileiros. O prazo \u00e9 mais realista, segundo o executivo disse \u00e0 CNN, pelo tempo necess\u00e1rio para esclarecer todos os pontos e retomar os embarques. Para Augusto de Castro, [&hellip;]<\/p>\n","protected":false},"author":66,"featured_media":0,"comment_status":"open","ping_status":"open","sticky":false,"template":"","format":"standard","meta":{"footnotes":""},"categories":[105],"tags":[],"_links":{"self":[{"href":"https:\/\/acs.org.br\/academy\/wp-json\/wp\/v2\/posts\/114472"}],"collection":[{"href":"https:\/\/acs.org.br\/academy\/wp-json\/wp\/v2\/posts"}],"about":[{"href":"https:\/\/acs.org.br\/academy\/wp-json\/wp\/v2\/types\/post"}],"author":[{"embeddable":true,"href":"https:\/\/acs.org.br\/academy\/wp-json\/wp\/v2\/users\/66"}],"replies":[{"embeddable":true,"href":"https:\/\/acs.org.br\/academy\/wp-json\/wp\/v2\/comments?post=114472"}],"version-history":[{"count":1,"href":"https:\/\/acs.org.br\/academy\/wp-json\/wp\/v2\/posts\/114472\/revisions"}],"predecessor-version":[{"id":114476,"href":"https:\/\/acs.org.br\/academy\/wp-json\/wp\/v2\/posts\/114472\/revisions\/114476"}],"wp:attachment":[{"href":"https:\/\/acs.org.br\/academy\/wp-json\/wp\/v2\/media?parent=114472"}],"wp:term":[{"taxonomy":"category","embeddable":true,"href":"https:\/\/acs.org.br\/academy\/wp-json\/wp\/v2\/categories?post=114472"},{"taxonomy":"post_tag","embeddable":true,"href":"https:\/\/acs.org.br\/academy\/wp-json\/wp\/v2\/tags?post=114472"}],"curies":[{"name":"wp","href":"https:\/\/api.w.org\/{rel}","templated":true}]}}