{"id":114468,"date":"2023-02-23T13:31:29","date_gmt":"2023-02-23T16:31:29","guid":{"rendered":"https:\/\/acs.org.br\/antigo\/?p=114468"},"modified":"2023-02-23T13:31:29","modified_gmt":"2023-02-23T16:31:29","slug":"economia-dolar-abre-em-queda-apos-pistas-sobre-a-trajetoria-do-aperto-monetario-dos-estados-unidos","status":"publish","type":"post","link":"https:\/\/acs.org.br\/academy\/economia-dolar-abre-em-queda-apos-pistas-sobre-a-trajetoria-do-aperto-monetario-dos-estados-unidos\/","title":{"rendered":"ECONOMIA: D\u00f3lar abre em queda ap\u00f3s pistas sobre a trajet\u00f3ria do aperto monet\u00e1rio dos Estados Unidos"},"content":{"rendered":"<p>Fonte: Santaportal<\/p>\n<p>O d\u00f3lar ca\u00eda frente ao real nos primeiros neg\u00f3cios desta quinta-feira (23), acompanhando o al\u00edvio no sentimento internacional e com investidores aguardando a divulga\u00e7\u00e3o de mais dados econ\u00f4micos dos Estados Unidos, que podem oferecer pistas sobre a trajet\u00f3ria de aperto monet\u00e1rio do Fed (Federal Reserve, o banco central dos EUA). \u00a0<\/p>\n<p><a href=\"https:\/\/santaportal.com.br\/geral\/dolar-abre-em-queda-apos-pistas-sobre-a-trajetoria-do-aperto-monetario-dos-estados-unidos\/\">LEIA MAIS&#8230;<\/a><\/p>\n","protected":false},"excerpt":{"rendered":"<p>Fonte: Santaportal O d\u00f3lar ca\u00eda frente ao real nos primeiros neg\u00f3cios desta quinta-feira (23), acompanhando o al\u00edvio no sentimento internacional e com investidores aguardando a divulga\u00e7\u00e3o de mais dados econ\u00f4micos dos Estados Unidos, que podem oferecer pistas sobre a trajet\u00f3ria de aperto monet\u00e1rio do Fed (Federal Reserve, o banco central dos EUA). \u00a0 LEIA MAIS&#8230;<\/p>\n","protected":false},"author":66,"featured_media":0,"comment_status":"open","ping_status":"open","sticky":false,"template":"","format":"standard","meta":{"footnotes":""},"categories":[105],"tags":[],"_links":{"self":[{"href":"https:\/\/acs.org.br\/academy\/wp-json\/wp\/v2\/posts\/114468"}],"collection":[{"href":"https:\/\/acs.org.br\/academy\/wp-json\/wp\/v2\/posts"}],"about":[{"href":"https:\/\/acs.org.br\/academy\/wp-json\/wp\/v2\/types\/post"}],"author":[{"embeddable":true,"href":"https:\/\/acs.org.br\/academy\/wp-json\/wp\/v2\/users\/66"}],"replies":[{"embeddable":true,"href":"https:\/\/acs.org.br\/academy\/wp-json\/wp\/v2\/comments?post=114468"}],"version-history":[{"count":1,"href":"https:\/\/acs.org.br\/academy\/wp-json\/wp\/v2\/posts\/114468\/revisions"}],"predecessor-version":[{"id":114471,"href":"https:\/\/acs.org.br\/academy\/wp-json\/wp\/v2\/posts\/114468\/revisions\/114471"}],"wp:attachment":[{"href":"https:\/\/acs.org.br\/academy\/wp-json\/wp\/v2\/media?parent=114468"}],"wp:term":[{"taxonomy":"category","embeddable":true,"href":"https:\/\/acs.org.br\/academy\/wp-json\/wp\/v2\/categories?post=114468"},{"taxonomy":"post_tag","embeddable":true,"href":"https:\/\/acs.org.br\/academy\/wp-json\/wp\/v2\/tags?post=114468"}],"curies":[{"name":"wp","href":"https:\/\/api.w.org\/{rel}","templated":true}]}}