{"id":114461,"date":"2023-02-23T13:30:47","date_gmt":"2023-02-23T16:30:47","guid":{"rendered":"https:\/\/acs.org.br\/antigo\/?p=114461"},"modified":"2023-02-23T13:30:47","modified_gmt":"2023-02-23T16:30:47","slug":"porto-porto-turco-fecha-e-afeta-exportacoes-brasileiras-pelo-porto-de-santos","status":"publish","type":"post","link":"https:\/\/acs.org.br\/academy\/porto-porto-turco-fecha-e-afeta-exportacoes-brasileiras-pelo-porto-de-santos\/","title":{"rendered":"PORTO: Porto turco fecha e afeta exporta\u00e7\u00f5es brasileiras pelo Porto de Santos"},"content":{"rendered":"<p>Fonte: A Tribuna<\/p>\n<p>Os exportadores brasileiros de algod\u00e3o est\u00e3o desviando as suas entregas para o Porto de Mersin, na Turquia, ap\u00f3s o fechamento do Porto de Iskenderun, no sul turco. Principal destino das exporta\u00e7\u00f5es de algod\u00e3o do Brasil, o complexo portu\u00e1rio foi atingido por um inc\u00eandio no \u00faltimo dia 7, em decorr\u00eancia do terremoto que devastou a Turquia e a S\u00edria, na madrugada do dia 6.<\/p>\n<p><a href=\"https:\/\/www.atribuna.com.br\/noticias\/portomar\/porto-turco-fecha-e-afeta-exportacoes-brasileiras-pelo-porto-de-santos\">LEIA MAIS&#8230;<\/a><\/p>\n","protected":false},"excerpt":{"rendered":"<p>Fonte: A Tribuna Os exportadores brasileiros de algod\u00e3o est\u00e3o desviando as suas entregas para o Porto de Mersin, na Turquia, ap\u00f3s o fechamento do Porto de Iskenderun, no sul turco. Principal destino das exporta\u00e7\u00f5es de algod\u00e3o do Brasil, o complexo portu\u00e1rio foi atingido por um inc\u00eandio no \u00faltimo dia 7, em decorr\u00eancia do terremoto que [&hellip;]<\/p>\n","protected":false},"author":66,"featured_media":0,"comment_status":"open","ping_status":"open","sticky":false,"template":"","format":"standard","meta":{"footnotes":""},"categories":[105],"tags":[],"_links":{"self":[{"href":"https:\/\/acs.org.br\/academy\/wp-json\/wp\/v2\/posts\/114461"}],"collection":[{"href":"https:\/\/acs.org.br\/academy\/wp-json\/wp\/v2\/posts"}],"about":[{"href":"https:\/\/acs.org.br\/academy\/wp-json\/wp\/v2\/types\/post"}],"author":[{"embeddable":true,"href":"https:\/\/acs.org.br\/academy\/wp-json\/wp\/v2\/users\/66"}],"replies":[{"embeddable":true,"href":"https:\/\/acs.org.br\/academy\/wp-json\/wp\/v2\/comments?post=114461"}],"version-history":[{"count":1,"href":"https:\/\/acs.org.br\/academy\/wp-json\/wp\/v2\/posts\/114461\/revisions"}],"predecessor-version":[{"id":114467,"href":"https:\/\/acs.org.br\/academy\/wp-json\/wp\/v2\/posts\/114461\/revisions\/114467"}],"wp:attachment":[{"href":"https:\/\/acs.org.br\/academy\/wp-json\/wp\/v2\/media?parent=114461"}],"wp:term":[{"taxonomy":"category","embeddable":true,"href":"https:\/\/acs.org.br\/academy\/wp-json\/wp\/v2\/categories?post=114461"},{"taxonomy":"post_tag","embeddable":true,"href":"https:\/\/acs.org.br\/academy\/wp-json\/wp\/v2\/tags?post=114461"}],"curies":[{"name":"wp","href":"https:\/\/api.w.org\/{rel}","templated":true}]}}