{"id":114447,"date":"2023-02-22T12:19:59","date_gmt":"2023-02-22T15:19:59","guid":{"rendered":"https:\/\/acs.org.br\/antigo\/?p=114447"},"modified":"2023-02-22T12:19:59","modified_gmt":"2023-02-22T15:19:59","slug":"cafe-preocupacao-com-a-safra-brasileira-nao-da-tregua-e-cafe-estende-os-ganhos-nesta-4a-feira","status":"publish","type":"post","link":"https:\/\/acs.org.br\/academy\/cafe-preocupacao-com-a-safra-brasileira-nao-da-tregua-e-cafe-estende-os-ganhos-nesta-4a-feira\/","title":{"rendered":"CAF\u00c9: Preocupa\u00e7\u00e3o com a safra brasileira n\u00e3o d\u00e1 tr\u00e9gua e caf\u00e9 estende os ganhos nesta 4\u00aa feira"},"content":{"rendered":"<p>Fonte: Not\u00edcias Agr\u00edcolas\u00a0<\/p>\n<p>O mercado futuro do caf\u00e9 ar\u00e1bica abriu as negocia\u00e7\u00f5es desta quarta-feira (22) estendendo os ganhos para os principais contratos na Bolsa de Nova York (ICE Future US). O mercado continua preocupado com a oferta brasileira do produto e com as altas de hoje, a principal refer\u00eancia \u00e9 negociado acima de 190 cents\/lbp no exterior.<\/p>\n<p><a href=\"https:\/\/www.noticiasagricolas.com.br\/noticias\/cafe\/341714-preocupacao-com-a-safra-brasileira-nao-da-tregua-e-cafe-estende-os-ganhos-nesta-4-feira.html#.Y_YrIXbMLIU\">LEIA MAIS&#8230;<\/a><\/p>\n","protected":false},"excerpt":{"rendered":"<p>Fonte: Not\u00edcias Agr\u00edcolas\u00a0 O mercado futuro do caf\u00e9 ar\u00e1bica abriu as negocia\u00e7\u00f5es desta quarta-feira (22) estendendo os ganhos para os principais contratos na Bolsa de Nova York (ICE Future US). O mercado continua preocupado com a oferta brasileira do produto e com as altas de hoje, a principal refer\u00eancia \u00e9 negociado acima de 190 cents\/lbp [&hellip;]<\/p>\n","protected":false},"author":66,"featured_media":0,"comment_status":"open","ping_status":"open","sticky":false,"template":"","format":"standard","meta":{"footnotes":""},"categories":[105],"tags":[],"_links":{"self":[{"href":"https:\/\/acs.org.br\/academy\/wp-json\/wp\/v2\/posts\/114447"}],"collection":[{"href":"https:\/\/acs.org.br\/academy\/wp-json\/wp\/v2\/posts"}],"about":[{"href":"https:\/\/acs.org.br\/academy\/wp-json\/wp\/v2\/types\/post"}],"author":[{"embeddable":true,"href":"https:\/\/acs.org.br\/academy\/wp-json\/wp\/v2\/users\/66"}],"replies":[{"embeddable":true,"href":"https:\/\/acs.org.br\/academy\/wp-json\/wp\/v2\/comments?post=114447"}],"version-history":[{"count":1,"href":"https:\/\/acs.org.br\/academy\/wp-json\/wp\/v2\/posts\/114447\/revisions"}],"predecessor-version":[{"id":114448,"href":"https:\/\/acs.org.br\/academy\/wp-json\/wp\/v2\/posts\/114447\/revisions\/114448"}],"wp:attachment":[{"href":"https:\/\/acs.org.br\/academy\/wp-json\/wp\/v2\/media?parent=114447"}],"wp:term":[{"taxonomy":"category","embeddable":true,"href":"https:\/\/acs.org.br\/academy\/wp-json\/wp\/v2\/categories?post=114447"},{"taxonomy":"post_tag","embeddable":true,"href":"https:\/\/acs.org.br\/academy\/wp-json\/wp\/v2\/tags?post=114447"}],"curies":[{"name":"wp","href":"https:\/\/api.w.org\/{rel}","templated":true}]}}