{"id":114445,"date":"2023-02-22T12:19:15","date_gmt":"2023-02-22T15:19:15","guid":{"rendered":"https:\/\/acs.org.br\/antigo\/?p=114445"},"modified":"2023-02-22T12:19:15","modified_gmt":"2023-02-22T15:19:15","slug":"mundo-russia-nunca-vencera-na-ucrania-nunca-diz-biden-em-discurso-na-polonia","status":"publish","type":"post","link":"https:\/\/acs.org.br\/academy\/mundo-russia-nunca-vencera-na-ucrania-nunca-diz-biden-em-discurso-na-polonia\/","title":{"rendered":"MUNDO: &#8216;R\u00fassia nunca vencer\u00e1 na Ucr\u00e2nia, nunca&#8217;, diz Biden em discurso na Pol\u00f4nia"},"content":{"rendered":"<p>Fonte: G1<\/p>\n<p>O presidente dos EUA, Joe Biden, discursou nesta ter\u00e7a-feira (21) para marcar o anivers\u00e1rio de um ano da guerra na Ucr\u00e2nia, que acontece nesta sexta. Durante a fala, o l\u00edder americano garantiu que a R\u00fassia n\u00e3o sair\u00e1 vencedora dessa invas\u00e3o.<\/p>\n<p><a href=\"https:\/\/g1.globo.com\/mundo\/noticia\/2023\/02\/21\/biden-1-ano-de-guerra.ghtml\">LEIA MAIS&#8230;<\/a><\/p>\n","protected":false},"excerpt":{"rendered":"<p>Fonte: G1 O presidente dos EUA, Joe Biden, discursou nesta ter\u00e7a-feira (21) para marcar o anivers\u00e1rio de um ano da guerra na Ucr\u00e2nia, que acontece nesta sexta. Durante a fala, o l\u00edder americano garantiu que a R\u00fassia n\u00e3o sair\u00e1 vencedora dessa invas\u00e3o. LEIA MAIS&#8230;<\/p>\n","protected":false},"author":66,"featured_media":0,"comment_status":"open","ping_status":"open","sticky":false,"template":"","format":"standard","meta":{"footnotes":""},"categories":[105],"tags":[],"_links":{"self":[{"href":"https:\/\/acs.org.br\/academy\/wp-json\/wp\/v2\/posts\/114445"}],"collection":[{"href":"https:\/\/acs.org.br\/academy\/wp-json\/wp\/v2\/posts"}],"about":[{"href":"https:\/\/acs.org.br\/academy\/wp-json\/wp\/v2\/types\/post"}],"author":[{"embeddable":true,"href":"https:\/\/acs.org.br\/academy\/wp-json\/wp\/v2\/users\/66"}],"replies":[{"embeddable":true,"href":"https:\/\/acs.org.br\/academy\/wp-json\/wp\/v2\/comments?post=114445"}],"version-history":[{"count":1,"href":"https:\/\/acs.org.br\/academy\/wp-json\/wp\/v2\/posts\/114445\/revisions"}],"predecessor-version":[{"id":114446,"href":"https:\/\/acs.org.br\/academy\/wp-json\/wp\/v2\/posts\/114445\/revisions\/114446"}],"wp:attachment":[{"href":"https:\/\/acs.org.br\/academy\/wp-json\/wp\/v2\/media?parent=114445"}],"wp:term":[{"taxonomy":"category","embeddable":true,"href":"https:\/\/acs.org.br\/academy\/wp-json\/wp\/v2\/categories?post=114445"},{"taxonomy":"post_tag","embeddable":true,"href":"https:\/\/acs.org.br\/academy\/wp-json\/wp\/v2\/tags?post=114445"}],"curies":[{"name":"wp","href":"https:\/\/api.w.org\/{rel}","templated":true}]}}