{"id":114443,"date":"2023-02-22T12:18:39","date_gmt":"2023-02-22T15:18:39","guid":{"rendered":"https:\/\/acs.org.br\/antigo\/?p=114443"},"modified":"2023-02-22T12:18:39","modified_gmt":"2023-02-22T15:18:39","slug":"atualidades-santos-prepara-edital-de-licitacao-para-obras-de-revitalizacao-do-centro-historico","status":"publish","type":"post","link":"https:\/\/acs.org.br\/academy\/atualidades-santos-prepara-edital-de-licitacao-para-obras-de-revitalizacao-do-centro-historico\/","title":{"rendered":"ATUALIDADES: Santos prepara edital de licita\u00e7\u00e3o para obras de revitaliza\u00e7\u00e3o do Centro Hist\u00f3rico"},"content":{"rendered":"<p>Fonte: A Tribuna<\/p>\n<p>A Prefeitura de Santos recebeu o repasse de R$ 7,5 milh\u00f5es do Governo do Estado para parte das obras do chamado eixo tur\u00edstico do Centro Hist\u00f3rico, projeto que promete revitalizar o Centro. Ainda n\u00e3o h\u00e1 data para a licita\u00e7\u00e3o ser aberta, mas, segundo a Prefeitura, o edital est\u00e1 em fase final de prepara\u00e7\u00e3o.<\/p>\n<p><a href=\"https:\/\/www.atribuna.com.br\/cidades\/santos\/santos-prepara-edital-de-licitacao-para-obras-de-revitalizacao-do-centro-historico\">LEIA MAIS&#8230;<\/a><\/p>\n","protected":false},"excerpt":{"rendered":"<p>Fonte: A Tribuna A Prefeitura de Santos recebeu o repasse de R$ 7,5 milh\u00f5es do Governo do Estado para parte das obras do chamado eixo tur\u00edstico do Centro Hist\u00f3rico, projeto que promete revitalizar o Centro. Ainda n\u00e3o h\u00e1 data para a licita\u00e7\u00e3o ser aberta, mas, segundo a Prefeitura, o edital est\u00e1 em fase final de [&hellip;]<\/p>\n","protected":false},"author":66,"featured_media":0,"comment_status":"open","ping_status":"open","sticky":false,"template":"","format":"standard","meta":{"footnotes":""},"categories":[105],"tags":[],"_links":{"self":[{"href":"https:\/\/acs.org.br\/academy\/wp-json\/wp\/v2\/posts\/114443"}],"collection":[{"href":"https:\/\/acs.org.br\/academy\/wp-json\/wp\/v2\/posts"}],"about":[{"href":"https:\/\/acs.org.br\/academy\/wp-json\/wp\/v2\/types\/post"}],"author":[{"embeddable":true,"href":"https:\/\/acs.org.br\/academy\/wp-json\/wp\/v2\/users\/66"}],"replies":[{"embeddable":true,"href":"https:\/\/acs.org.br\/academy\/wp-json\/wp\/v2\/comments?post=114443"}],"version-history":[{"count":1,"href":"https:\/\/acs.org.br\/academy\/wp-json\/wp\/v2\/posts\/114443\/revisions"}],"predecessor-version":[{"id":114444,"href":"https:\/\/acs.org.br\/academy\/wp-json\/wp\/v2\/posts\/114443\/revisions\/114444"}],"wp:attachment":[{"href":"https:\/\/acs.org.br\/academy\/wp-json\/wp\/v2\/media?parent=114443"}],"wp:term":[{"taxonomy":"category","embeddable":true,"href":"https:\/\/acs.org.br\/academy\/wp-json\/wp\/v2\/categories?post=114443"},{"taxonomy":"post_tag","embeddable":true,"href":"https:\/\/acs.org.br\/academy\/wp-json\/wp\/v2\/tags?post=114443"}],"curies":[{"name":"wp","href":"https:\/\/api.w.org\/{rel}","templated":true}]}}