{"id":114439,"date":"2023-02-22T12:17:32","date_gmt":"2023-02-22T15:17:32","guid":{"rendered":"https:\/\/acs.org.br\/antigo\/?p=114439"},"modified":"2023-02-22T12:17:32","modified_gmt":"2023-02-22T15:17:32","slug":"transporte-estradas-do-litoral-de-sp-ainda-estao-bloqueadas-em-17-pontos","status":"publish","type":"post","link":"https:\/\/acs.org.br\/academy\/transporte-estradas-do-litoral-de-sp-ainda-estao-bloqueadas-em-17-pontos\/","title":{"rendered":"TRANSPORTE: Estradas do litoral de SP ainda est\u00e3o bloqueadas em 17 pontos"},"content":{"rendered":"<p>Fonte: Santaportal \u00a0<\/p>\n<p>O governador Tarc\u00edsio de Freitas (Republicanos), em entrevista ao Bom Dia SP, da TV Globo, nesta ter\u00e7a-feira (21), fez um apelo para que os turistas aproveitem as libera\u00e7\u00f5es das pitas e o tempo firme e deixem as cidades do litoral norte paulista.<\/p>\n<p><a href=\"https:\/\/santaportal.com.br\/geral\/estradas-do-litoral-de-sp-ainda-estao-bloqueadas-em-17-pontos\/\">LEIA MAIS&#8230;<\/a><\/p>\n","protected":false},"excerpt":{"rendered":"<p>Fonte: Santaportal \u00a0 O governador Tarc\u00edsio de Freitas (Republicanos), em entrevista ao Bom Dia SP, da TV Globo, nesta ter\u00e7a-feira (21), fez um apelo para que os turistas aproveitem as libera\u00e7\u00f5es das pitas e o tempo firme e deixem as cidades do litoral norte paulista. LEIA MAIS&#8230;<\/p>\n","protected":false},"author":66,"featured_media":0,"comment_status":"open","ping_status":"open","sticky":false,"template":"","format":"standard","meta":{"footnotes":""},"categories":[105],"tags":[],"_links":{"self":[{"href":"https:\/\/acs.org.br\/academy\/wp-json\/wp\/v2\/posts\/114439"}],"collection":[{"href":"https:\/\/acs.org.br\/academy\/wp-json\/wp\/v2\/posts"}],"about":[{"href":"https:\/\/acs.org.br\/academy\/wp-json\/wp\/v2\/types\/post"}],"author":[{"embeddable":true,"href":"https:\/\/acs.org.br\/academy\/wp-json\/wp\/v2\/users\/66"}],"replies":[{"embeddable":true,"href":"https:\/\/acs.org.br\/academy\/wp-json\/wp\/v2\/comments?post=114439"}],"version-history":[{"count":1,"href":"https:\/\/acs.org.br\/academy\/wp-json\/wp\/v2\/posts\/114439\/revisions"}],"predecessor-version":[{"id":114440,"href":"https:\/\/acs.org.br\/academy\/wp-json\/wp\/v2\/posts\/114439\/revisions\/114440"}],"wp:attachment":[{"href":"https:\/\/acs.org.br\/academy\/wp-json\/wp\/v2\/media?parent=114439"}],"wp:term":[{"taxonomy":"category","embeddable":true,"href":"https:\/\/acs.org.br\/academy\/wp-json\/wp\/v2\/categories?post=114439"},{"taxonomy":"post_tag","embeddable":true,"href":"https:\/\/acs.org.br\/academy\/wp-json\/wp\/v2\/tags?post=114439"}],"curies":[{"name":"wp","href":"https:\/\/api.w.org\/{rel}","templated":true}]}}