{"id":114435,"date":"2023-02-22T12:16:19","date_gmt":"2023-02-22T15:16:19","guid":{"rendered":"https:\/\/acs.org.br\/antigo\/?p=114435"},"modified":"2023-02-22T12:16:19","modified_gmt":"2023-02-22T15:16:19","slug":"economia-previa-do-pib-traz-crescimento-de-29-na-economia-em-2022","status":"publish","type":"post","link":"https:\/\/acs.org.br\/academy\/economia-previa-do-pib-traz-crescimento-de-29-na-economia-em-2022\/","title":{"rendered":"ECONOMIA: \u2018Pr\u00e9via do PIB\u2019 traz crescimento de 2,9% na economia em 2022"},"content":{"rendered":"<p>Fonte: VEJA \u00a0\u00a0\u00a0\u00a0\u00a0<\/p>\n<p>A atividade econ\u00f4mica brasileira cresceu 2,9% em 2022 na compara\u00e7\u00e3o com o ano anterior. Os dados divulgados nesta quinta-feira, 16, s\u00e3o do \u00cdndice de Atividade Econ\u00f4mica (IBC-BR) do Banco Central, considerado a \u201cpr\u00e9via\u201d do Produto Interno Bruto (PIB).<\/p>\n<p><a href=\"https:\/\/veja.abril.com.br\/economia\/previa-do-pib-traz-crescimento-de-29-na-economia-em-2022\/\">LEIA MAIS&#8230;<\/a><\/p>\n","protected":false},"excerpt":{"rendered":"<p>Fonte: VEJA \u00a0\u00a0\u00a0\u00a0\u00a0 A atividade econ\u00f4mica brasileira cresceu 2,9% em 2022 na compara\u00e7\u00e3o com o ano anterior. Os dados divulgados nesta quinta-feira, 16, s\u00e3o do \u00cdndice de Atividade Econ\u00f4mica (IBC-BR) do Banco Central, considerado a \u201cpr\u00e9via\u201d do Produto Interno Bruto (PIB). LEIA MAIS&#8230;<\/p>\n","protected":false},"author":66,"featured_media":0,"comment_status":"open","ping_status":"open","sticky":false,"template":"","format":"standard","meta":{"footnotes":""},"categories":[105],"tags":[],"_links":{"self":[{"href":"https:\/\/acs.org.br\/academy\/wp-json\/wp\/v2\/posts\/114435"}],"collection":[{"href":"https:\/\/acs.org.br\/academy\/wp-json\/wp\/v2\/posts"}],"about":[{"href":"https:\/\/acs.org.br\/academy\/wp-json\/wp\/v2\/types\/post"}],"author":[{"embeddable":true,"href":"https:\/\/acs.org.br\/academy\/wp-json\/wp\/v2\/users\/66"}],"replies":[{"embeddable":true,"href":"https:\/\/acs.org.br\/academy\/wp-json\/wp\/v2\/comments?post=114435"}],"version-history":[{"count":1,"href":"https:\/\/acs.org.br\/academy\/wp-json\/wp\/v2\/posts\/114435\/revisions"}],"predecessor-version":[{"id":114436,"href":"https:\/\/acs.org.br\/academy\/wp-json\/wp\/v2\/posts\/114435\/revisions\/114436"}],"wp:attachment":[{"href":"https:\/\/acs.org.br\/academy\/wp-json\/wp\/v2\/media?parent=114435"}],"wp:term":[{"taxonomy":"category","embeddable":true,"href":"https:\/\/acs.org.br\/academy\/wp-json\/wp\/v2\/categories?post=114435"},{"taxonomy":"post_tag","embeddable":true,"href":"https:\/\/acs.org.br\/academy\/wp-json\/wp\/v2\/tags?post=114435"}],"curies":[{"name":"wp","href":"https:\/\/api.w.org\/{rel}","templated":true}]}}