{"id":114433,"date":"2023-02-22T12:15:46","date_gmt":"2023-02-22T15:15:46","guid":{"rendered":"https:\/\/acs.org.br\/antigo\/?p=114433"},"modified":"2023-02-22T12:15:46","modified_gmt":"2023-02-22T15:15:46","slug":"economia-para-ministerio-da-fazenda-g20-e-oportunidade-para-governo-retomar-fio-da-crise-de-2008","status":"publish","type":"post","link":"https:\/\/acs.org.br\/academy\/economia-para-ministerio-da-fazenda-g20-e-oportunidade-para-governo-retomar-fio-da-crise-de-2008\/","title":{"rendered":"ECONOMIA: Para Minist\u00e9rio da Fazenda, G20 \u00e9 oportunidade para governo retomar fio da crise de 2008"},"content":{"rendered":"<p>Fonte: CNN Brasil \u00a0\u00a0\u00a0\u00a0\u00a0<\/p>\n<p>A reuni\u00e3o financeira do grupo das 20 economias mais ricas do mundo (G20), que ocorrer\u00e1 em Bangalore (\u00cdndia) na semana que vem ser\u00e1 uma oportunidade para o Minist\u00e9rio da Fazenda e o governo como o todo retomarem o fio da crise de 2008, na percep\u00e7\u00e3o da equipe econ\u00f4mica. Conforme a Fazenda, o presidente da Rep\u00fablica, Luiz In\u00e1cio Lula da Silva, que prometeu a reinser\u00e7\u00e3o do Brasil nas discuss\u00f5es internacionais desde a campanha, \u00e9 que tem feito o paralelo entre o momento atual do planeta e o que ocorreu no final dos anos 2000.<\/p>\n<p><a href=\"https:\/\/exame.com\/economia\/para-ministerio-da-fazenda-g20-e-oportunidade-para-governo-retomar-fio-da-crise-de-2008\/\">LEIA MAIS&#8230;<\/a><\/p>\n","protected":false},"excerpt":{"rendered":"<p>Fonte: CNN Brasil \u00a0\u00a0\u00a0\u00a0\u00a0 A reuni\u00e3o financeira do grupo das 20 economias mais ricas do mundo (G20), que ocorrer\u00e1 em Bangalore (\u00cdndia) na semana que vem ser\u00e1 uma oportunidade para o Minist\u00e9rio da Fazenda e o governo como o todo retomarem o fio da crise de 2008, na percep\u00e7\u00e3o da equipe econ\u00f4mica. Conforme a Fazenda, [&hellip;]<\/p>\n","protected":false},"author":66,"featured_media":0,"comment_status":"open","ping_status":"open","sticky":false,"template":"","format":"standard","meta":{"footnotes":""},"categories":[105],"tags":[],"_links":{"self":[{"href":"https:\/\/acs.org.br\/academy\/wp-json\/wp\/v2\/posts\/114433"}],"collection":[{"href":"https:\/\/acs.org.br\/academy\/wp-json\/wp\/v2\/posts"}],"about":[{"href":"https:\/\/acs.org.br\/academy\/wp-json\/wp\/v2\/types\/post"}],"author":[{"embeddable":true,"href":"https:\/\/acs.org.br\/academy\/wp-json\/wp\/v2\/users\/66"}],"replies":[{"embeddable":true,"href":"https:\/\/acs.org.br\/academy\/wp-json\/wp\/v2\/comments?post=114433"}],"version-history":[{"count":1,"href":"https:\/\/acs.org.br\/academy\/wp-json\/wp\/v2\/posts\/114433\/revisions"}],"predecessor-version":[{"id":114434,"href":"https:\/\/acs.org.br\/academy\/wp-json\/wp\/v2\/posts\/114433\/revisions\/114434"}],"wp:attachment":[{"href":"https:\/\/acs.org.br\/academy\/wp-json\/wp\/v2\/media?parent=114433"}],"wp:term":[{"taxonomy":"category","embeddable":true,"href":"https:\/\/acs.org.br\/academy\/wp-json\/wp\/v2\/categories?post=114433"},{"taxonomy":"post_tag","embeddable":true,"href":"https:\/\/acs.org.br\/academy\/wp-json\/wp\/v2\/tags?post=114433"}],"curies":[{"name":"wp","href":"https:\/\/api.w.org\/{rel}","templated":true}]}}