{"id":114431,"date":"2023-02-22T12:15:04","date_gmt":"2023-02-22T15:15:04","guid":{"rendered":"https:\/\/acs.org.br\/antigo\/?p=114431"},"modified":"2023-02-22T12:15:04","modified_gmt":"2023-02-22T15:15:04","slug":"economia-dolar-cai-para-r-516-na-ultima-sessao-antes-do-carnaval","status":"publish","type":"post","link":"https:\/\/acs.org.br\/academy\/economia-dolar-cai-para-r-516-na-ultima-sessao-antes-do-carnaval\/","title":{"rendered":"ECONOMIA: D\u00f3lar cai para R$ 5,16 na \u00faltima sess\u00e3o antes do carnaval"},"content":{"rendered":"<p>Fonte: Ag\u00eancia Brasil \u00a0\u00a0\u00a0\u00a0\u00a0<\/p>\n<p>Na \u00faltima sess\u00e3o antes do carnaval, o mercado financeiro teve um dia de ajustes. O d\u00f3lar voltou a fechar abaixo de R$ 5,20. A bolsa de valores caiu, mas acumulou ganhos na semana.<\/p>\n<p>O d\u00f3lar comercial encerrou esta sexta-feira (17) vendido a R$ 5,162, com recuo de R$ 0,05 (-0,96%). A cota\u00e7\u00e3o iniciou o dia em R$ 5,24, mas desacelerou at\u00e9 perder for\u00e7a e fechar em forte baixa. Na m\u00ednima do dia, por volta das 14h30, chegou a R$ 5,15.<\/p>\n<p><a href=\"https:\/\/agenciabrasil.ebc.com.br\/economia\/noticia\/2023-02\/dolar-cai-para-r-516-na-ultima-sessao-antes-do-carnaval\">LEIA MAIS&#8230;<\/a><\/p>\n","protected":false},"excerpt":{"rendered":"<p>Fonte: Ag\u00eancia Brasil \u00a0\u00a0\u00a0\u00a0\u00a0 Na \u00faltima sess\u00e3o antes do carnaval, o mercado financeiro teve um dia de ajustes. O d\u00f3lar voltou a fechar abaixo de R$ 5,20. A bolsa de valores caiu, mas acumulou ganhos na semana. O d\u00f3lar comercial encerrou esta sexta-feira (17) vendido a R$ 5,162, com recuo de R$ 0,05 (-0,96%). A [&hellip;]<\/p>\n","protected":false},"author":66,"featured_media":0,"comment_status":"open","ping_status":"open","sticky":false,"template":"","format":"standard","meta":{"footnotes":""},"categories":[105],"tags":[],"_links":{"self":[{"href":"https:\/\/acs.org.br\/academy\/wp-json\/wp\/v2\/posts\/114431"}],"collection":[{"href":"https:\/\/acs.org.br\/academy\/wp-json\/wp\/v2\/posts"}],"about":[{"href":"https:\/\/acs.org.br\/academy\/wp-json\/wp\/v2\/types\/post"}],"author":[{"embeddable":true,"href":"https:\/\/acs.org.br\/academy\/wp-json\/wp\/v2\/users\/66"}],"replies":[{"embeddable":true,"href":"https:\/\/acs.org.br\/academy\/wp-json\/wp\/v2\/comments?post=114431"}],"version-history":[{"count":1,"href":"https:\/\/acs.org.br\/academy\/wp-json\/wp\/v2\/posts\/114431\/revisions"}],"predecessor-version":[{"id":114432,"href":"https:\/\/acs.org.br\/academy\/wp-json\/wp\/v2\/posts\/114431\/revisions\/114432"}],"wp:attachment":[{"href":"https:\/\/acs.org.br\/academy\/wp-json\/wp\/v2\/media?parent=114431"}],"wp:term":[{"taxonomy":"category","embeddable":true,"href":"https:\/\/acs.org.br\/academy\/wp-json\/wp\/v2\/categories?post=114431"},{"taxonomy":"post_tag","embeddable":true,"href":"https:\/\/acs.org.br\/academy\/wp-json\/wp\/v2\/tags?post=114431"}],"curies":[{"name":"wp","href":"https:\/\/api.w.org\/{rel}","templated":true}]}}