{"id":114427,"date":"2023-02-22T12:13:33","date_gmt":"2023-02-22T15:13:33","guid":{"rendered":"https:\/\/acs.org.br\/antigo\/?p=114427"},"modified":"2023-02-22T12:13:33","modified_gmt":"2023-02-22T15:13:33","slug":"porto-litoral-norte-tera-hospital-de-campanha-da-marinha","status":"publish","type":"post","link":"https:\/\/acs.org.br\/academy\/porto-litoral-norte-tera-hospital-de-campanha-da-marinha\/","title":{"rendered":"PORTO: Litoral Norte ter\u00e1 hospital de campanha da Marinha"},"content":{"rendered":"<p>Fonte: BE News<\/p>\n<p>O governador de S\u00e3o Paulo, Tarc\u00edsio de Freitas (Republicanos), informou que um navio da Marinha deve chegar ao litoral norte do estado amanh\u00e3 (23) para auxiliar no atendimento das pessoas afetadas pelas fortes chuvas que atingiram a regi\u00e3o nos \u00faltimos dias. A informa\u00e7\u00e3o foi divulgada durante coletiva de imprensa realizada ontem (21).<\/p>\n<p><a href=\"https:\/\/portalbenews.com.br\/editoria\/regiao\/regiao-sudeste\/litoral-norte-tera-hospital-de-campanha-da-marinha\/\">LEIA MAIS&#8230;<\/a><\/p>\n","protected":false},"excerpt":{"rendered":"<p>Fonte: BE News O governador de S\u00e3o Paulo, Tarc\u00edsio de Freitas (Republicanos), informou que um navio da Marinha deve chegar ao litoral norte do estado amanh\u00e3 (23) para auxiliar no atendimento das pessoas afetadas pelas fortes chuvas que atingiram a regi\u00e3o nos \u00faltimos dias. A informa\u00e7\u00e3o foi divulgada durante coletiva de imprensa realizada ontem (21). [&hellip;]<\/p>\n","protected":false},"author":66,"featured_media":0,"comment_status":"open","ping_status":"open","sticky":false,"template":"","format":"standard","meta":{"footnotes":""},"categories":[105],"tags":[],"_links":{"self":[{"href":"https:\/\/acs.org.br\/academy\/wp-json\/wp\/v2\/posts\/114427"}],"collection":[{"href":"https:\/\/acs.org.br\/academy\/wp-json\/wp\/v2\/posts"}],"about":[{"href":"https:\/\/acs.org.br\/academy\/wp-json\/wp\/v2\/types\/post"}],"author":[{"embeddable":true,"href":"https:\/\/acs.org.br\/academy\/wp-json\/wp\/v2\/users\/66"}],"replies":[{"embeddable":true,"href":"https:\/\/acs.org.br\/academy\/wp-json\/wp\/v2\/comments?post=114427"}],"version-history":[{"count":1,"href":"https:\/\/acs.org.br\/academy\/wp-json\/wp\/v2\/posts\/114427\/revisions"}],"predecessor-version":[{"id":114428,"href":"https:\/\/acs.org.br\/academy\/wp-json\/wp\/v2\/posts\/114427\/revisions\/114428"}],"wp:attachment":[{"href":"https:\/\/acs.org.br\/academy\/wp-json\/wp\/v2\/media?parent=114427"}],"wp:term":[{"taxonomy":"category","embeddable":true,"href":"https:\/\/acs.org.br\/academy\/wp-json\/wp\/v2\/categories?post=114427"},{"taxonomy":"post_tag","embeddable":true,"href":"https:\/\/acs.org.br\/academy\/wp-json\/wp\/v2\/tags?post=114427"}],"curies":[{"name":"wp","href":"https:\/\/api.w.org\/{rel}","templated":true}]}}