{"id":114425,"date":"2023-02-22T12:12:58","date_gmt":"2023-02-22T15:12:58","guid":{"rendered":"https:\/\/acs.org.br\/antigo\/?p=114425"},"modified":"2023-02-22T12:12:58","modified_gmt":"2023-02-22T15:12:58","slug":"porto-porto-de-santos-sera-base-para-acoes-no-litoral-norte","status":"publish","type":"post","link":"https:\/\/acs.org.br\/academy\/porto-porto-de-santos-sera-base-para-acoes-no-litoral-norte\/","title":{"rendered":"PORTO: Porto de Santos ser\u00e1 base para a\u00e7\u00f5es no Litoral Norte"},"content":{"rendered":"<p>Fonte: A Tribuna<\/p>\n<p>O Porto de Santos ser\u00e1 base de a\u00e7\u00f5es do Governo Federal para ajuda ao Litoral Norte de S\u00e3o Paulo, atingido pelas fortes chuvas no \u00faltimo final de semana. Segundo informou nesta ter\u00e7a (21) o ministro de Portos e Aeroportos, M\u00e1rcio Fran\u00e7a, a equipe do Governo Federal que organiza as a\u00e7\u00f5es de apoio \u00e0s pessoas afetadas pelas chuvas no Litoral Norte ficar\u00e1 instalada no cais santista.<\/p>\n<p><a href=\"https:\/\/www.atribuna.com.br\/cidades\/santos\/porto-de-santos-sera-base-para-acoes-no-litoral-norte\">LEIA MAIS&#8230;<\/a><\/p>\n","protected":false},"excerpt":{"rendered":"<p>Fonte: A Tribuna O Porto de Santos ser\u00e1 base de a\u00e7\u00f5es do Governo Federal para ajuda ao Litoral Norte de S\u00e3o Paulo, atingido pelas fortes chuvas no \u00faltimo final de semana. Segundo informou nesta ter\u00e7a (21) o ministro de Portos e Aeroportos, M\u00e1rcio Fran\u00e7a, a equipe do Governo Federal que organiza as a\u00e7\u00f5es de apoio [&hellip;]<\/p>\n","protected":false},"author":66,"featured_media":0,"comment_status":"open","ping_status":"open","sticky":false,"template":"","format":"standard","meta":{"footnotes":""},"categories":[105],"tags":[],"_links":{"self":[{"href":"https:\/\/acs.org.br\/academy\/wp-json\/wp\/v2\/posts\/114425"}],"collection":[{"href":"https:\/\/acs.org.br\/academy\/wp-json\/wp\/v2\/posts"}],"about":[{"href":"https:\/\/acs.org.br\/academy\/wp-json\/wp\/v2\/types\/post"}],"author":[{"embeddable":true,"href":"https:\/\/acs.org.br\/academy\/wp-json\/wp\/v2\/users\/66"}],"replies":[{"embeddable":true,"href":"https:\/\/acs.org.br\/academy\/wp-json\/wp\/v2\/comments?post=114425"}],"version-history":[{"count":1,"href":"https:\/\/acs.org.br\/academy\/wp-json\/wp\/v2\/posts\/114425\/revisions"}],"predecessor-version":[{"id":114426,"href":"https:\/\/acs.org.br\/academy\/wp-json\/wp\/v2\/posts\/114425\/revisions\/114426"}],"wp:attachment":[{"href":"https:\/\/acs.org.br\/academy\/wp-json\/wp\/v2\/media?parent=114425"}],"wp:term":[{"taxonomy":"category","embeddable":true,"href":"https:\/\/acs.org.br\/academy\/wp-json\/wp\/v2\/categories?post=114425"},{"taxonomy":"post_tag","embeddable":true,"href":"https:\/\/acs.org.br\/academy\/wp-json\/wp\/v2\/tags?post=114425"}],"curies":[{"name":"wp","href":"https:\/\/api.w.org\/{rel}","templated":true}]}}