{"id":114414,"date":"2023-02-17T13:10:26","date_gmt":"2023-02-17T16:10:26","guid":{"rendered":"https:\/\/acs.org.br\/antigo\/?p=114414"},"modified":"2023-02-17T13:10:26","modified_gmt":"2023-02-17T16:10:26","slug":"atualidades-rede-hoteleira-da-baixada-santista-soma-93-de-ocupacao-para-o-carnaval","status":"publish","type":"post","link":"https:\/\/acs.org.br\/academy\/atualidades-rede-hoteleira-da-baixada-santista-soma-93-de-ocupacao-para-o-carnaval\/","title":{"rendered":"ATUALIDADES: Rede hoteleira da Baixada Santista soma 93% de ocupa\u00e7\u00e3o para o carnaval"},"content":{"rendered":"<p>Fonte: Santaportal<\/p>\n<p>Com o fim de semana prolongado de carnaval batendo na porta, a rede hoteleira da Baixada Santista superou as expectativas de ocupa\u00e7\u00e3o, que era de 90% h\u00e1 cerca de duas semanas, somando 93% de quartos j\u00e1 ocupados para a data.<\/p>\n<p><a href=\"https:\/\/santaportal.com.br\/geral\/rede-hoteleira-da-baixada-santista-soma-93-de-ocupacao-para-o-carnaval\/\">LEIA MAIS&#8230;<\/a><\/p>\n","protected":false},"excerpt":{"rendered":"<p>Fonte: Santaportal Com o fim de semana prolongado de carnaval batendo na porta, a rede hoteleira da Baixada Santista superou as expectativas de ocupa\u00e7\u00e3o, que era de 90% h\u00e1 cerca de duas semanas, somando 93% de quartos j\u00e1 ocupados para a data. LEIA MAIS&#8230;<\/p>\n","protected":false},"author":66,"featured_media":0,"comment_status":"open","ping_status":"open","sticky":false,"template":"","format":"standard","meta":{"footnotes":""},"categories":[105],"tags":[],"_links":{"self":[{"href":"https:\/\/acs.org.br\/academy\/wp-json\/wp\/v2\/posts\/114414"}],"collection":[{"href":"https:\/\/acs.org.br\/academy\/wp-json\/wp\/v2\/posts"}],"about":[{"href":"https:\/\/acs.org.br\/academy\/wp-json\/wp\/v2\/types\/post"}],"author":[{"embeddable":true,"href":"https:\/\/acs.org.br\/academy\/wp-json\/wp\/v2\/users\/66"}],"replies":[{"embeddable":true,"href":"https:\/\/acs.org.br\/academy\/wp-json\/wp\/v2\/comments?post=114414"}],"version-history":[{"count":1,"href":"https:\/\/acs.org.br\/academy\/wp-json\/wp\/v2\/posts\/114414\/revisions"}],"predecessor-version":[{"id":114421,"href":"https:\/\/acs.org.br\/academy\/wp-json\/wp\/v2\/posts\/114414\/revisions\/114421"}],"wp:attachment":[{"href":"https:\/\/acs.org.br\/academy\/wp-json\/wp\/v2\/media?parent=114414"}],"wp:term":[{"taxonomy":"category","embeddable":true,"href":"https:\/\/acs.org.br\/academy\/wp-json\/wp\/v2\/categories?post=114414"},{"taxonomy":"post_tag","embeddable":true,"href":"https:\/\/acs.org.br\/academy\/wp-json\/wp\/v2\/tags?post=114414"}],"curies":[{"name":"wp","href":"https:\/\/api.w.org\/{rel}","templated":true}]}}