{"id":114410,"date":"2023-02-17T13:07:48","date_gmt":"2023-02-17T16:07:48","guid":{"rendered":"https:\/\/acs.org.br\/antigo\/?p=114410"},"modified":"2023-02-17T13:07:48","modified_gmt":"2023-02-17T16:07:48","slug":"economia-na-india-haddad-ira-tentar-recuperar-protagonismo-do-brasil-no-g20","status":"publish","type":"post","link":"https:\/\/acs.org.br\/academy\/economia-na-india-haddad-ira-tentar-recuperar-protagonismo-do-brasil-no-g20\/","title":{"rendered":"ECONOMIA: Na \u00cdndia, Haddad ir\u00e1 tentar recuperar protagonismo do Brasil no G20"},"content":{"rendered":"<p>Fonte: CNN Brasil<\/p>\n<p>O ministro Fernando Haddad participar\u00e1 na pr\u00f3xima semana do encontro de ministros da Fazenda e presidentes de Bancos Centrais do G20. Na agenda, Haddad tem a miss\u00e3o de retomar a posi\u00e7\u00e3o de destaque do Brasil nas discuss\u00f5es dos f\u00f3runs internacionais.<\/p>\n<p><a href=\"https:\/\/www.cnnbrasil.com.br\/business\/na-india-haddad-ira-tentar-recuperar-protagonismo-do-brasil-no-g20\/\">LEIA MAIS&#8230;<\/a><\/p>\n","protected":false},"excerpt":{"rendered":"<p>Fonte: CNN Brasil O ministro Fernando Haddad participar\u00e1 na pr\u00f3xima semana do encontro de ministros da Fazenda e presidentes de Bancos Centrais do G20. Na agenda, Haddad tem a miss\u00e3o de retomar a posi\u00e7\u00e3o de destaque do Brasil nas discuss\u00f5es dos f\u00f3runs internacionais. LEIA MAIS&#8230;<\/p>\n","protected":false},"author":66,"featured_media":0,"comment_status":"open","ping_status":"open","sticky":false,"template":"","format":"standard","meta":{"footnotes":""},"categories":[105],"tags":[],"_links":{"self":[{"href":"https:\/\/acs.org.br\/academy\/wp-json\/wp\/v2\/posts\/114410"}],"collection":[{"href":"https:\/\/acs.org.br\/academy\/wp-json\/wp\/v2\/posts"}],"about":[{"href":"https:\/\/acs.org.br\/academy\/wp-json\/wp\/v2\/types\/post"}],"author":[{"embeddable":true,"href":"https:\/\/acs.org.br\/academy\/wp-json\/wp\/v2\/users\/66"}],"replies":[{"embeddable":true,"href":"https:\/\/acs.org.br\/academy\/wp-json\/wp\/v2\/comments?post=114410"}],"version-history":[{"count":1,"href":"https:\/\/acs.org.br\/academy\/wp-json\/wp\/v2\/posts\/114410\/revisions"}],"predecessor-version":[{"id":114418,"href":"https:\/\/acs.org.br\/academy\/wp-json\/wp\/v2\/posts\/114410\/revisions\/114418"}],"wp:attachment":[{"href":"https:\/\/acs.org.br\/academy\/wp-json\/wp\/v2\/media?parent=114410"}],"wp:term":[{"taxonomy":"category","embeddable":true,"href":"https:\/\/acs.org.br\/academy\/wp-json\/wp\/v2\/categories?post=114410"},{"taxonomy":"post_tag","embeddable":true,"href":"https:\/\/acs.org.br\/academy\/wp-json\/wp\/v2\/tags?post=114410"}],"curies":[{"name":"wp","href":"https:\/\/api.w.org\/{rel}","templated":true}]}}