{"id":114407,"date":"2023-02-17T13:05:56","date_gmt":"2023-02-17T16:05:56","guid":{"rendered":"https:\/\/acs.org.br\/antigo\/?p=114407"},"modified":"2023-02-17T13:05:56","modified_gmt":"2023-02-17T16:05:56","slug":"porto-marcus-mingoni-assumira-a-presidencia-da-santos-port-authority-dia-23","status":"publish","type":"post","link":"https:\/\/acs.org.br\/academy\/porto-marcus-mingoni-assumira-a-presidencia-da-santos-port-authority-dia-23\/","title":{"rendered":"PORTO: Marcus Mingoni assumir\u00e1 a presid\u00eancia da Santos Port Authority dia 23"},"content":{"rendered":"<p>Fonte: A Tribuna<\/p>\n<p>A Santos Port Authority (SPA) ter\u00e1 novo comando. Nesta sexta-feira (17), em reuni\u00e3o extraordin\u00e1ria do Conselho de Administra\u00e7\u00e3o (Consad) da Autoridade Portu\u00e1ria de Santos, Marcos Mingoni foi nomeado como novo diretor-presidente da estatal que administra o Porto de Santos e assumir\u00e1 o cargo na pr\u00f3xima quinta-feira (23).<\/p>\n<p><a href=\"https:\/\/www.atribuna.com.br\/noticias\/portomar\/marcus-mingoni-assume-a-presidencia-da-santos-port-authority\">LEIA MAIS&#8230;<\/a><\/p>\n","protected":false},"excerpt":{"rendered":"<p>Fonte: A Tribuna A Santos Port Authority (SPA) ter\u00e1 novo comando. Nesta sexta-feira (17), em reuni\u00e3o extraordin\u00e1ria do Conselho de Administra\u00e7\u00e3o (Consad) da Autoridade Portu\u00e1ria de Santos, Marcos Mingoni foi nomeado como novo diretor-presidente da estatal que administra o Porto de Santos e assumir\u00e1 o cargo na pr\u00f3xima quinta-feira (23). LEIA MAIS&#8230;<\/p>\n","protected":false},"author":66,"featured_media":0,"comment_status":"open","ping_status":"open","sticky":false,"template":"","format":"standard","meta":{"footnotes":""},"categories":[105],"tags":[],"_links":{"self":[{"href":"https:\/\/acs.org.br\/academy\/wp-json\/wp\/v2\/posts\/114407"}],"collection":[{"href":"https:\/\/acs.org.br\/academy\/wp-json\/wp\/v2\/posts"}],"about":[{"href":"https:\/\/acs.org.br\/academy\/wp-json\/wp\/v2\/types\/post"}],"author":[{"embeddable":true,"href":"https:\/\/acs.org.br\/academy\/wp-json\/wp\/v2\/users\/66"}],"replies":[{"embeddable":true,"href":"https:\/\/acs.org.br\/academy\/wp-json\/wp\/v2\/comments?post=114407"}],"version-history":[{"count":1,"href":"https:\/\/acs.org.br\/academy\/wp-json\/wp\/v2\/posts\/114407\/revisions"}],"predecessor-version":[{"id":114415,"href":"https:\/\/acs.org.br\/academy\/wp-json\/wp\/v2\/posts\/114407\/revisions\/114415"}],"wp:attachment":[{"href":"https:\/\/acs.org.br\/academy\/wp-json\/wp\/v2\/media?parent=114407"}],"wp:term":[{"taxonomy":"category","embeddable":true,"href":"https:\/\/acs.org.br\/academy\/wp-json\/wp\/v2\/categories?post=114407"},{"taxonomy":"post_tag","embeddable":true,"href":"https:\/\/acs.org.br\/academy\/wp-json\/wp\/v2\/tags?post=114407"}],"curies":[{"name":"wp","href":"https:\/\/api.w.org\/{rel}","templated":true}]}}