{"id":114365,"date":"2023-02-16T12:39:01","date_gmt":"2023-02-16T15:39:01","guid":{"rendered":"https:\/\/acs.org.br\/antigo\/?p=114365"},"modified":"2023-02-16T12:39:01","modified_gmt":"2023-02-16T15:39:01","slug":"cafe-estados-unidos-registra-menor-estoque-de-cafe-verde-em-seis-meses","status":"publish","type":"post","link":"https:\/\/acs.org.br\/academy\/cafe-estados-unidos-registra-menor-estoque-de-cafe-verde-em-seis-meses\/","title":{"rendered":"CAF\u00c9: Estados Unidos registra menor estoque de caf\u00e9 verde em seis meses"},"content":{"rendered":"<p>Fonte: Caf\u00e9 Point<\/p>\n<p>Al\u00e9m de maiores consumidores de caf\u00e9, os Estados Unidos s\u00e3o o principal destino dos gr\u00e3os brasileiros. Segundo dados divulgados na \u00faltima quarta-feira (15), a quantidade de caf\u00e9 verde armazenada nos portos estadunidenses caiu em 112.895 sacas de 60 kg no final de janeiro, para 6,26 milh\u00f5es de sacas, a menor quantidade em seis meses.<\/p>\n<p><a href=\"https:\/\/www.cafepoint.com.br\/noticias\/giro-de-noticias\/estados-unidos-registra-menor-estoque-de-cafe-verde-em-seis-meses-232829\/\">LEIA MAIS&#8230;<\/a><\/p>\n","protected":false},"excerpt":{"rendered":"<p>Fonte: Caf\u00e9 Point Al\u00e9m de maiores consumidores de caf\u00e9, os Estados Unidos s\u00e3o o principal destino dos gr\u00e3os brasileiros. Segundo dados divulgados na \u00faltima quarta-feira (15), a quantidade de caf\u00e9 verde armazenada nos portos estadunidenses caiu em 112.895 sacas de 60 kg no final de janeiro, para 6,26 milh\u00f5es de sacas, a menor quantidade em [&hellip;]<\/p>\n","protected":false},"author":66,"featured_media":0,"comment_status":"open","ping_status":"open","sticky":false,"template":"","format":"standard","meta":{"footnotes":""},"categories":[105],"tags":[],"_links":{"self":[{"href":"https:\/\/acs.org.br\/academy\/wp-json\/wp\/v2\/posts\/114365"}],"collection":[{"href":"https:\/\/acs.org.br\/academy\/wp-json\/wp\/v2\/posts"}],"about":[{"href":"https:\/\/acs.org.br\/academy\/wp-json\/wp\/v2\/types\/post"}],"author":[{"embeddable":true,"href":"https:\/\/acs.org.br\/academy\/wp-json\/wp\/v2\/users\/66"}],"replies":[{"embeddable":true,"href":"https:\/\/acs.org.br\/academy\/wp-json\/wp\/v2\/comments?post=114365"}],"version-history":[{"count":1,"href":"https:\/\/acs.org.br\/academy\/wp-json\/wp\/v2\/posts\/114365\/revisions"}],"predecessor-version":[{"id":114369,"href":"https:\/\/acs.org.br\/academy\/wp-json\/wp\/v2\/posts\/114365\/revisions\/114369"}],"wp:attachment":[{"href":"https:\/\/acs.org.br\/academy\/wp-json\/wp\/v2\/media?parent=114365"}],"wp:term":[{"taxonomy":"category","embeddable":true,"href":"https:\/\/acs.org.br\/academy\/wp-json\/wp\/v2\/categories?post=114365"},{"taxonomy":"post_tag","embeddable":true,"href":"https:\/\/acs.org.br\/academy\/wp-json\/wp\/v2\/tags?post=114365"}],"curies":[{"name":"wp","href":"https:\/\/api.w.org\/{rel}","templated":true}]}}