{"id":114360,"date":"2023-02-16T12:38:12","date_gmt":"2023-02-16T15:38:12","guid":{"rendered":"https:\/\/acs.org.br\/antigo\/?p=114360"},"modified":"2023-02-16T12:38:12","modified_gmt":"2023-02-16T15:38:12","slug":"mundo-nicola-sturgeon-renuncia-apos-oito-anos-como-primeira-ministra-da-escocia","status":"publish","type":"post","link":"https:\/\/acs.org.br\/academy\/mundo-nicola-sturgeon-renuncia-apos-oito-anos-como-primeira-ministra-da-escocia\/","title":{"rendered":"MUNDO: Nicola Sturgeon renuncia ap\u00f3s oito anos como primeira-ministra da Esc\u00f3cia"},"content":{"rendered":"<p>Fonte: A Tribuna\u00a0<\/p>\n<p>A primeira-ministra da Esc\u00f3cia, Nicola Sturgeon, renunciou ao cargo nesta quarta-feira (15), ap\u00f3s oito anos no poder, nos quais tamb\u00e9m ocupou o posto l\u00edder do Partido Nacional Escoc\u00eas (SNP), principal partido pr\u00f3-independ\u00eancia do pa\u00eds.<\/p>\n<p><a href=\"https:\/\/www.atribuna.com.br\/noticias\/mundo\/nicola-sturgeon-renuncia-apos-oito-anos-como-primeira-ministra-da-escocia\">LEIA MAIS&#8230;<\/a><\/p>\n","protected":false},"excerpt":{"rendered":"<p>Fonte: A Tribuna\u00a0 A primeira-ministra da Esc\u00f3cia, Nicola Sturgeon, renunciou ao cargo nesta quarta-feira (15), ap\u00f3s oito anos no poder, nos quais tamb\u00e9m ocupou o posto l\u00edder do Partido Nacional Escoc\u00eas (SNP), principal partido pr\u00f3-independ\u00eancia do pa\u00eds. LEIA MAIS&#8230;<\/p>\n","protected":false},"author":66,"featured_media":0,"comment_status":"open","ping_status":"open","sticky":false,"template":"","format":"standard","meta":{"footnotes":""},"categories":[105],"tags":[],"_links":{"self":[{"href":"https:\/\/acs.org.br\/academy\/wp-json\/wp\/v2\/posts\/114360"}],"collection":[{"href":"https:\/\/acs.org.br\/academy\/wp-json\/wp\/v2\/posts"}],"about":[{"href":"https:\/\/acs.org.br\/academy\/wp-json\/wp\/v2\/types\/post"}],"author":[{"embeddable":true,"href":"https:\/\/acs.org.br\/academy\/wp-json\/wp\/v2\/users\/66"}],"replies":[{"embeddable":true,"href":"https:\/\/acs.org.br\/academy\/wp-json\/wp\/v2\/comments?post=114360"}],"version-history":[{"count":1,"href":"https:\/\/acs.org.br\/academy\/wp-json\/wp\/v2\/posts\/114360\/revisions"}],"predecessor-version":[{"id":114367,"href":"https:\/\/acs.org.br\/academy\/wp-json\/wp\/v2\/posts\/114360\/revisions\/114367"}],"wp:attachment":[{"href":"https:\/\/acs.org.br\/academy\/wp-json\/wp\/v2\/media?parent=114360"}],"wp:term":[{"taxonomy":"category","embeddable":true,"href":"https:\/\/acs.org.br\/academy\/wp-json\/wp\/v2\/categories?post=114360"},{"taxonomy":"post_tag","embeddable":true,"href":"https:\/\/acs.org.br\/academy\/wp-json\/wp\/v2\/tags?post=114360"}],"curies":[{"name":"wp","href":"https:\/\/api.w.org\/{rel}","templated":true}]}}