{"id":114357,"date":"2023-02-16T12:36:50","date_gmt":"2023-02-16T15:36:50","guid":{"rendered":"https:\/\/acs.org.br\/antigo\/?p=114357"},"modified":"2023-02-16T12:36:50","modified_gmt":"2023-02-16T15:36:50","slug":"economia-no-itamaraty-alckmin-fala-em-geracao-de-emprego-e-queda-de-juros","status":"publish","type":"post","link":"https:\/\/acs.org.br\/academy\/economia-no-itamaraty-alckmin-fala-em-geracao-de-emprego-e-queda-de-juros\/","title":{"rendered":"ECONOMIA: No Itamaraty, Alckmin fala em gera\u00e7\u00e3o de emprego e queda de juros"},"content":{"rendered":"<p>Fonte: Ag\u00eancia Brasil<\/p>\n<p>O governo do presidente Luiz In\u00e1cio Lula da Silva busca, na amplia\u00e7\u00e3o das rela\u00e7\u00f5es comerciais com outros pa\u00edses, aumentar seu protagonismo na economia mundial. De acordo com o vice-presidente da Rep\u00fablica e ministro do Desenvolvimento, Ind\u00fastria, Com\u00e9rcio e Servi\u00e7os, Geraldo Alckmin, a estrat\u00e9gia para atingir esse objetivo ser\u00e1 o foco tanto em com\u00e9rcio regional como em tratados bilaterais.<\/p>\n<p><a href=\"https:\/\/agenciabrasil.ebc.com.br\/economia\/noticia\/2023-02\/no-itamaraty-alckmin-fala-em-geracao-de-emprego-e-queda-de-juros\">LEIA MAIS&#8230;<\/a><\/p>\n","protected":false},"excerpt":{"rendered":"<p>Fonte: Ag\u00eancia Brasil O governo do presidente Luiz In\u00e1cio Lula da Silva busca, na amplia\u00e7\u00e3o das rela\u00e7\u00f5es comerciais com outros pa\u00edses, aumentar seu protagonismo na economia mundial. De acordo com o vice-presidente da Rep\u00fablica e ministro do Desenvolvimento, Ind\u00fastria, Com\u00e9rcio e Servi\u00e7os, Geraldo Alckmin, a estrat\u00e9gia para atingir esse objetivo ser\u00e1 o foco tanto em [&hellip;]<\/p>\n","protected":false},"author":66,"featured_media":0,"comment_status":"open","ping_status":"open","sticky":false,"template":"","format":"standard","meta":{"footnotes":""},"categories":[105],"tags":[],"_links":{"self":[{"href":"https:\/\/acs.org.br\/academy\/wp-json\/wp\/v2\/posts\/114357"}],"collection":[{"href":"https:\/\/acs.org.br\/academy\/wp-json\/wp\/v2\/posts"}],"about":[{"href":"https:\/\/acs.org.br\/academy\/wp-json\/wp\/v2\/types\/post"}],"author":[{"embeddable":true,"href":"https:\/\/acs.org.br\/academy\/wp-json\/wp\/v2\/users\/66"}],"replies":[{"embeddable":true,"href":"https:\/\/acs.org.br\/academy\/wp-json\/wp\/v2\/comments?post=114357"}],"version-history":[{"count":1,"href":"https:\/\/acs.org.br\/academy\/wp-json\/wp\/v2\/posts\/114357\/revisions"}],"predecessor-version":[{"id":114362,"href":"https:\/\/acs.org.br\/academy\/wp-json\/wp\/v2\/posts\/114357\/revisions\/114362"}],"wp:attachment":[{"href":"https:\/\/acs.org.br\/academy\/wp-json\/wp\/v2\/media?parent=114357"}],"wp:term":[{"taxonomy":"category","embeddable":true,"href":"https:\/\/acs.org.br\/academy\/wp-json\/wp\/v2\/categories?post=114357"},{"taxonomy":"post_tag","embeddable":true,"href":"https:\/\/acs.org.br\/academy\/wp-json\/wp\/v2\/tags?post=114357"}],"curies":[{"name":"wp","href":"https:\/\/api.w.org\/{rel}","templated":true}]}}