{"id":114330,"date":"2023-02-15T15:18:50","date_gmt":"2023-02-15T18:18:50","guid":{"rendered":"https:\/\/acs.org.br\/antigo\/?p=114330"},"modified":"2023-02-15T15:18:50","modified_gmt":"2023-02-15T18:18:50","slug":"cafe-cafe-cepea-doencas-nas-lavouras-do-arabica-deixam-produtores-em-alerta","status":"publish","type":"post","link":"https:\/\/acs.org.br\/academy\/cafe-cafe-cepea-doencas-nas-lavouras-do-arabica-deixam-produtores-em-alerta\/","title":{"rendered":"CAF\u00c9: Caf\u00e9\/Cepea: Doen\u00e7as nas lavouras do ar\u00e1bica deixam produtores em alerta"},"content":{"rendered":"<p>Fonte: Not\u00edcias Agr\u00edcolas \u00a0<\/p>\n<p>O elevado volume de chuvas que as lavouras do ar\u00e1bica v\u00eam recebendo desde o in\u00edcio do ano traz preocupa\u00e7\u00e3o para os produtores. A maior umidade vem aumentando a incid\u00eancia de doen\u00e7as nos cafezais e dificultando a entrada de maquin\u00e1rios em algumas \u00e1reas, que fariam justamente pulveriza\u00e7\u00f5es para controle. Alguns produtores consultados pelo Cepea, especialmente da regi\u00e3o de Minas Gerais, relatam prolifera\u00e7\u00e3o de ferrugem e aparecimento de phoma.<\/p>\n<p><a href=\"https:\/\/www.noticiasagricolas.com.br\/noticias\/cafe\/341302-cafe-cepea-doencas-nas-lavouras-do-arabica-deixam-produtores-em-alerta.html#.Y-z8QnbMLIU\">LEIA MAIS&#8230;<\/a><\/p>\n","protected":false},"excerpt":{"rendered":"<p>Fonte: Not\u00edcias Agr\u00edcolas \u00a0 O elevado volume de chuvas que as lavouras do ar\u00e1bica v\u00eam recebendo desde o in\u00edcio do ano traz preocupa\u00e7\u00e3o para os produtores. A maior umidade vem aumentando a incid\u00eancia de doen\u00e7as nos cafezais e dificultando a entrada de maquin\u00e1rios em algumas \u00e1reas, que fariam justamente pulveriza\u00e7\u00f5es para controle. Alguns produtores consultados [&hellip;]<\/p>\n","protected":false},"author":66,"featured_media":0,"comment_status":"open","ping_status":"open","sticky":false,"template":"","format":"standard","meta":{"footnotes":""},"categories":[105],"tags":[],"_links":{"self":[{"href":"https:\/\/acs.org.br\/academy\/wp-json\/wp\/v2\/posts\/114330"}],"collection":[{"href":"https:\/\/acs.org.br\/academy\/wp-json\/wp\/v2\/posts"}],"about":[{"href":"https:\/\/acs.org.br\/academy\/wp-json\/wp\/v2\/types\/post"}],"author":[{"embeddable":true,"href":"https:\/\/acs.org.br\/academy\/wp-json\/wp\/v2\/users\/66"}],"replies":[{"embeddable":true,"href":"https:\/\/acs.org.br\/academy\/wp-json\/wp\/v2\/comments?post=114330"}],"version-history":[{"count":1,"href":"https:\/\/acs.org.br\/academy\/wp-json\/wp\/v2\/posts\/114330\/revisions"}],"predecessor-version":[{"id":114339,"href":"https:\/\/acs.org.br\/academy\/wp-json\/wp\/v2\/posts\/114330\/revisions\/114339"}],"wp:attachment":[{"href":"https:\/\/acs.org.br\/academy\/wp-json\/wp\/v2\/media?parent=114330"}],"wp:term":[{"taxonomy":"category","embeddable":true,"href":"https:\/\/acs.org.br\/academy\/wp-json\/wp\/v2\/categories?post=114330"},{"taxonomy":"post_tag","embeddable":true,"href":"https:\/\/acs.org.br\/academy\/wp-json\/wp\/v2\/tags?post=114330"}],"curies":[{"name":"wp","href":"https:\/\/api.w.org\/{rel}","templated":true}]}}