{"id":114329,"date":"2023-02-15T15:18:23","date_gmt":"2023-02-15T18:18:23","guid":{"rendered":"https:\/\/acs.org.br\/antigo\/?p=114329"},"modified":"2023-02-15T15:18:23","modified_gmt":"2023-02-15T18:18:23","slug":"atualidades-governo-de-sp-retira-exigencia-de-comprovante-da-vacina-contra-covid-19","status":"publish","type":"post","link":"https:\/\/acs.org.br\/academy\/atualidades-governo-de-sp-retira-exigencia-de-comprovante-da-vacina-contra-covid-19\/","title":{"rendered":"ATUALIDADES: Governo de SP retira exig\u00eancia de comprovante da vacina contra Covid-19"},"content":{"rendered":"<p>Fonte: BoqNews\u00a0<\/p>\n<p>O governador Tarc\u00edsio de Freitas sancionou com vetos, na \u00faltima ter\u00e7a-feira (14), o projeto de lei 668\/2021.<\/p>\n<p>Sendo assim, que disciplina a exig\u00eancia de comprovante de vacina\u00e7\u00e3o contra Covid-19 no Estado de S\u00e3o Paulo.<\/p>\n<p><a href=\"https:\/\/www.boqnews.com\/vida\/governo-de-sp-sanciona-exigencia-de-comprovante-da-vacina-contra-covid-19\/\">LEIA MAIS&#8230;<\/a><\/p>\n","protected":false},"excerpt":{"rendered":"<p>Fonte: BoqNews\u00a0 O governador Tarc\u00edsio de Freitas sancionou com vetos, na \u00faltima ter\u00e7a-feira (14), o projeto de lei 668\/2021. Sendo assim, que disciplina a exig\u00eancia de comprovante de vacina\u00e7\u00e3o contra Covid-19 no Estado de S\u00e3o Paulo. LEIA MAIS&#8230;<\/p>\n","protected":false},"author":66,"featured_media":0,"comment_status":"open","ping_status":"open","sticky":false,"template":"","format":"standard","meta":{"footnotes":""},"categories":[105],"tags":[],"_links":{"self":[{"href":"https:\/\/acs.org.br\/academy\/wp-json\/wp\/v2\/posts\/114329"}],"collection":[{"href":"https:\/\/acs.org.br\/academy\/wp-json\/wp\/v2\/posts"}],"about":[{"href":"https:\/\/acs.org.br\/academy\/wp-json\/wp\/v2\/types\/post"}],"author":[{"embeddable":true,"href":"https:\/\/acs.org.br\/academy\/wp-json\/wp\/v2\/users\/66"}],"replies":[{"embeddable":true,"href":"https:\/\/acs.org.br\/academy\/wp-json\/wp\/v2\/comments?post=114329"}],"version-history":[{"count":1,"href":"https:\/\/acs.org.br\/academy\/wp-json\/wp\/v2\/posts\/114329\/revisions"}],"predecessor-version":[{"id":114337,"href":"https:\/\/acs.org.br\/academy\/wp-json\/wp\/v2\/posts\/114329\/revisions\/114337"}],"wp:attachment":[{"href":"https:\/\/acs.org.br\/academy\/wp-json\/wp\/v2\/media?parent=114329"}],"wp:term":[{"taxonomy":"category","embeddable":true,"href":"https:\/\/acs.org.br\/academy\/wp-json\/wp\/v2\/categories?post=114329"},{"taxonomy":"post_tag","embeddable":true,"href":"https:\/\/acs.org.br\/academy\/wp-json\/wp\/v2\/tags?post=114329"}],"curies":[{"name":"wp","href":"https:\/\/api.w.org\/{rel}","templated":true}]}}