{"id":114328,"date":"2023-02-15T15:17:57","date_gmt":"2023-02-15T18:17:57","guid":{"rendered":"https:\/\/acs.org.br\/antigo\/?p=114328"},"modified":"2023-02-15T15:17:57","modified_gmt":"2023-02-15T18:17:57","slug":"transporte-entidades-pedem-novo-acordo-de-transporte-maritimo-entre-brasil-e-argentina","status":"publish","type":"post","link":"https:\/\/acs.org.br\/academy\/transporte-entidades-pedem-novo-acordo-de-transporte-maritimo-entre-brasil-e-argentina\/","title":{"rendered":"TRANSPORTE: Entidades pedem novo acordo de transporte mar\u00edtimo entre Brasil e Argentina"},"content":{"rendered":"<p>Fonte: BE News<\/p>\n<p>Um grupo de c\u00e2maras empresariais e entidades sindicais da Argentina e do Brasil pediram aos seus respectivos governos que restabele\u00e7am o acordo sobre o transporte mar\u00edtimo binacional. O acordo entre os pa\u00edses foi retirado pelo ex-presidente Jair Bolsonaro em fevereiro do ano passado.<\/p>\n<p><a href=\"https:\/\/portalbenews.com.br\/editoria\/internacional\/mercosul\/entidades-pedem-novo-acordo-de-transporte-maritimo-entre-brasil-e-argentina\/\">LEIA MAIS&#8230;<\/a><\/p>\n","protected":false},"excerpt":{"rendered":"<p>Fonte: BE News Um grupo de c\u00e2maras empresariais e entidades sindicais da Argentina e do Brasil pediram aos seus respectivos governos que restabele\u00e7am o acordo sobre o transporte mar\u00edtimo binacional. O acordo entre os pa\u00edses foi retirado pelo ex-presidente Jair Bolsonaro em fevereiro do ano passado. LEIA MAIS&#8230;<\/p>\n","protected":false},"author":66,"featured_media":0,"comment_status":"open","ping_status":"open","sticky":false,"template":"","format":"standard","meta":{"footnotes":""},"categories":[105],"tags":[],"_links":{"self":[{"href":"https:\/\/acs.org.br\/academy\/wp-json\/wp\/v2\/posts\/114328"}],"collection":[{"href":"https:\/\/acs.org.br\/academy\/wp-json\/wp\/v2\/posts"}],"about":[{"href":"https:\/\/acs.org.br\/academy\/wp-json\/wp\/v2\/types\/post"}],"author":[{"embeddable":true,"href":"https:\/\/acs.org.br\/academy\/wp-json\/wp\/v2\/users\/66"}],"replies":[{"embeddable":true,"href":"https:\/\/acs.org.br\/academy\/wp-json\/wp\/v2\/comments?post=114328"}],"version-history":[{"count":1,"href":"https:\/\/acs.org.br\/academy\/wp-json\/wp\/v2\/posts\/114328\/revisions"}],"predecessor-version":[{"id":114336,"href":"https:\/\/acs.org.br\/academy\/wp-json\/wp\/v2\/posts\/114328\/revisions\/114336"}],"wp:attachment":[{"href":"https:\/\/acs.org.br\/academy\/wp-json\/wp\/v2\/media?parent=114328"}],"wp:term":[{"taxonomy":"category","embeddable":true,"href":"https:\/\/acs.org.br\/academy\/wp-json\/wp\/v2\/categories?post=114328"},{"taxonomy":"post_tag","embeddable":true,"href":"https:\/\/acs.org.br\/academy\/wp-json\/wp\/v2\/tags?post=114328"}],"curies":[{"name":"wp","href":"https:\/\/api.w.org\/{rel}","templated":true}]}}