{"id":114327,"date":"2023-02-15T15:17:28","date_gmt":"2023-02-15T18:17:28","guid":{"rendered":"https:\/\/acs.org.br\/antigo\/?p=114327"},"modified":"2023-02-15T15:17:28","modified_gmt":"2023-02-15T18:17:28","slug":"economia-lula-quer-reajustar-salario-minimo-para-r-1-320-em-maio","status":"publish","type":"post","link":"https:\/\/acs.org.br\/academy\/economia-lula-quer-reajustar-salario-minimo-para-r-1-320-em-maio\/","title":{"rendered":"ECONOMIA: Lula quer reajustar sal\u00e1rio m\u00ednimo para R$ 1.320 em maio"},"content":{"rendered":"<p>Fonte: Poder 360<\/p>\n<p>O presidente Luiz In\u00e1cio Lula da Silva (PT) definiu que o valor do sal\u00e1rio m\u00ednimo passar\u00e1 dos atuais R$ 1.302 para R$ 1.320 a partir de maio de 2023. A inten\u00e7\u00e3o \u00e9 que o novo aumento coincida com o Dia do Trabalhador, comemorado em 1\u00ba de maio. Dados do governo mostram que cada R$ 1 a mais no sal\u00e1rio m\u00ednimo aumenta em R$ 389,8 milh\u00f5es os custos da Uni\u00e3o. Com isso, o impacto estimado \u00e9 de pouco mais de R$ 7 bilh\u00f5es.<\/p>\n<p><a href=\"https:\/\/www.poder360.com.br\/economia\/lula-quer-reajustar-salario-minimo-para-r-1-320-em-maio\/\">LEIA MAIS&#8230;<\/a><\/p>\n","protected":false},"excerpt":{"rendered":"<p>Fonte: Poder 360 O presidente Luiz In\u00e1cio Lula da Silva (PT) definiu que o valor do sal\u00e1rio m\u00ednimo passar\u00e1 dos atuais R$ 1.302 para R$ 1.320 a partir de maio de 2023. A inten\u00e7\u00e3o \u00e9 que o novo aumento coincida com o Dia do Trabalhador, comemorado em 1\u00ba de maio. Dados do governo mostram que [&hellip;]<\/p>\n","protected":false},"author":66,"featured_media":0,"comment_status":"open","ping_status":"open","sticky":false,"template":"","format":"standard","meta":{"footnotes":""},"categories":[105],"tags":[],"_links":{"self":[{"href":"https:\/\/acs.org.br\/academy\/wp-json\/wp\/v2\/posts\/114327"}],"collection":[{"href":"https:\/\/acs.org.br\/academy\/wp-json\/wp\/v2\/posts"}],"about":[{"href":"https:\/\/acs.org.br\/academy\/wp-json\/wp\/v2\/types\/post"}],"author":[{"embeddable":true,"href":"https:\/\/acs.org.br\/academy\/wp-json\/wp\/v2\/users\/66"}],"replies":[{"embeddable":true,"href":"https:\/\/acs.org.br\/academy\/wp-json\/wp\/v2\/comments?post=114327"}],"version-history":[{"count":1,"href":"https:\/\/acs.org.br\/academy\/wp-json\/wp\/v2\/posts\/114327\/revisions"}],"predecessor-version":[{"id":114335,"href":"https:\/\/acs.org.br\/academy\/wp-json\/wp\/v2\/posts\/114327\/revisions\/114335"}],"wp:attachment":[{"href":"https:\/\/acs.org.br\/academy\/wp-json\/wp\/v2\/media?parent=114327"}],"wp:term":[{"taxonomy":"category","embeddable":true,"href":"https:\/\/acs.org.br\/academy\/wp-json\/wp\/v2\/categories?post=114327"},{"taxonomy":"post_tag","embeddable":true,"href":"https:\/\/acs.org.br\/academy\/wp-json\/wp\/v2\/tags?post=114327"}],"curies":[{"name":"wp","href":"https:\/\/api.w.org\/{rel}","templated":true}]}}