{"id":114326,"date":"2023-02-15T15:17:05","date_gmt":"2023-02-15T18:17:05","guid":{"rendered":"https:\/\/acs.org.br\/antigo\/?p=114326"},"modified":"2023-02-15T15:17:05","modified_gmt":"2023-02-15T18:17:05","slug":"economia-receita-federal-divulga-balanco-aduaneiro-2022","status":"publish","type":"post","link":"https:\/\/acs.org.br\/academy\/economia-receita-federal-divulga-balanco-aduaneiro-2022\/","title":{"rendered":"ECONOMIA: Receita Federal divulga Balan\u00e7o Aduaneiro 2022"},"content":{"rendered":"<p>Fonte: Ag\u00eancia Porto \u00a0<\/p>\n<p>A Secretaria Especial da Receita Federal disponibilizou o Balan\u00e7o Aduaneiro. O documento apresenta as principais realiza\u00e7\u00f5es e resultados da Aduana brasileira para o per\u00edodo de 2022. As informa\u00e7\u00f5es est\u00e3o organizadas de acordo com os principais temas aduaneiros: importa\u00e7\u00e3o e exporta\u00e7\u00e3o; remessas internacionais; controle de bens e viajantes; Programa Operador Econ\u00f4mico Autorizado (OEA); gerenciamento de riscos; vigil\u00e2ncia e repress\u00e3o.<\/p>\n<p><a href=\"https:\/\/agenciaporto.com\/noticias\/receita-federal-divulga-balanco-aduaneiro-2022\">LEIA MAIS&#8230;<\/a><\/p>\n","protected":false},"excerpt":{"rendered":"<p>Fonte: Ag\u00eancia Porto \u00a0 A Secretaria Especial da Receita Federal disponibilizou o Balan\u00e7o Aduaneiro. O documento apresenta as principais realiza\u00e7\u00f5es e resultados da Aduana brasileira para o per\u00edodo de 2022. As informa\u00e7\u00f5es est\u00e3o organizadas de acordo com os principais temas aduaneiros: importa\u00e7\u00e3o e exporta\u00e7\u00e3o; remessas internacionais; controle de bens e viajantes; Programa Operador Econ\u00f4mico Autorizado [&hellip;]<\/p>\n","protected":false},"author":66,"featured_media":0,"comment_status":"open","ping_status":"open","sticky":false,"template":"","format":"standard","meta":{"footnotes":""},"categories":[105],"tags":[],"_links":{"self":[{"href":"https:\/\/acs.org.br\/academy\/wp-json\/wp\/v2\/posts\/114326"}],"collection":[{"href":"https:\/\/acs.org.br\/academy\/wp-json\/wp\/v2\/posts"}],"about":[{"href":"https:\/\/acs.org.br\/academy\/wp-json\/wp\/v2\/types\/post"}],"author":[{"embeddable":true,"href":"https:\/\/acs.org.br\/academy\/wp-json\/wp\/v2\/users\/66"}],"replies":[{"embeddable":true,"href":"https:\/\/acs.org.br\/academy\/wp-json\/wp\/v2\/comments?post=114326"}],"version-history":[{"count":1,"href":"https:\/\/acs.org.br\/academy\/wp-json\/wp\/v2\/posts\/114326\/revisions"}],"predecessor-version":[{"id":114334,"href":"https:\/\/acs.org.br\/academy\/wp-json\/wp\/v2\/posts\/114326\/revisions\/114334"}],"wp:attachment":[{"href":"https:\/\/acs.org.br\/academy\/wp-json\/wp\/v2\/media?parent=114326"}],"wp:term":[{"taxonomy":"category","embeddable":true,"href":"https:\/\/acs.org.br\/academy\/wp-json\/wp\/v2\/categories?post=114326"},{"taxonomy":"post_tag","embeddable":true,"href":"https:\/\/acs.org.br\/academy\/wp-json\/wp\/v2\/tags?post=114326"}],"curies":[{"name":"wp","href":"https:\/\/api.w.org\/{rel}","templated":true}]}}