{"id":114324,"date":"2023-02-15T15:16:18","date_gmt":"2023-02-15T18:16:18","guid":{"rendered":"https:\/\/acs.org.br\/antigo\/?p=114324"},"modified":"2023-02-15T15:16:18","modified_gmt":"2023-02-15T18:16:18","slug":"porto-rosana-valle-sera-presidente-da-frente-parlamentar-dos-portos","status":"publish","type":"post","link":"https:\/\/acs.org.br\/academy\/porto-rosana-valle-sera-presidente-da-frente-parlamentar-dos-portos\/","title":{"rendered":"PORTO: Rosana Valle ser\u00e1 presidente da Frente Parlamentar dos Portos"},"content":{"rendered":"<p>Fonte: A Tribuna \u00a0<\/p>\n<p>A deputada federal Rosana Valle (PL) reuniu nesta ter\u00e7a-feira (14) as 198 assinaturas necess\u00e1rias e protocolou a cria\u00e7\u00e3o, a C\u00e2mara dos Deputados, em Bras\u00edlia, da Frente Parlamentar Mista dos Portos Nacionais.<\/p>\n<p><a href=\"https:\/\/www.atribuna.com.br\/noticias\/portomar\/rosana-valle-sera-presidente-da-frente-parlamentar-dos-portos\">LEIA MAIS&#8230;<\/a><\/p>\n","protected":false},"excerpt":{"rendered":"<p>Fonte: A Tribuna \u00a0 A deputada federal Rosana Valle (PL) reuniu nesta ter\u00e7a-feira (14) as 198 assinaturas necess\u00e1rias e protocolou a cria\u00e7\u00e3o, a C\u00e2mara dos Deputados, em Bras\u00edlia, da Frente Parlamentar Mista dos Portos Nacionais. LEIA MAIS&#8230;<\/p>\n","protected":false},"author":66,"featured_media":0,"comment_status":"open","ping_status":"open","sticky":false,"template":"","format":"standard","meta":{"footnotes":""},"categories":[105],"tags":[],"_links":{"self":[{"href":"https:\/\/acs.org.br\/academy\/wp-json\/wp\/v2\/posts\/114324"}],"collection":[{"href":"https:\/\/acs.org.br\/academy\/wp-json\/wp\/v2\/posts"}],"about":[{"href":"https:\/\/acs.org.br\/academy\/wp-json\/wp\/v2\/types\/post"}],"author":[{"embeddable":true,"href":"https:\/\/acs.org.br\/academy\/wp-json\/wp\/v2\/users\/66"}],"replies":[{"embeddable":true,"href":"https:\/\/acs.org.br\/academy\/wp-json\/wp\/v2\/comments?post=114324"}],"version-history":[{"count":1,"href":"https:\/\/acs.org.br\/academy\/wp-json\/wp\/v2\/posts\/114324\/revisions"}],"predecessor-version":[{"id":114332,"href":"https:\/\/acs.org.br\/academy\/wp-json\/wp\/v2\/posts\/114324\/revisions\/114332"}],"wp:attachment":[{"href":"https:\/\/acs.org.br\/academy\/wp-json\/wp\/v2\/media?parent=114324"}],"wp:term":[{"taxonomy":"category","embeddable":true,"href":"https:\/\/acs.org.br\/academy\/wp-json\/wp\/v2\/categories?post=114324"},{"taxonomy":"post_tag","embeddable":true,"href":"https:\/\/acs.org.br\/academy\/wp-json\/wp\/v2\/tags?post=114324"}],"curies":[{"name":"wp","href":"https:\/\/api.w.org\/{rel}","templated":true}]}}