{"id":114323,"date":"2023-02-15T15:15:54","date_gmt":"2023-02-15T18:15:54","guid":{"rendered":"https:\/\/acs.org.br\/antigo\/?p=114323"},"modified":"2023-02-15T15:15:54","modified_gmt":"2023-02-15T18:15:54","slug":"porto-governo-investe-r-27-bilhoes-em-acessos-a-portos-para-dar-conta-de-supersafra","status":"publish","type":"post","link":"https:\/\/acs.org.br\/academy\/porto-governo-investe-r-27-bilhoes-em-acessos-a-portos-para-dar-conta-de-supersafra\/","title":{"rendered":"PORTO: Governo investe R$ 2,7 bilh\u00f5es em acessos a portos para dar conta de supersafra"},"content":{"rendered":"<p>Fonte: A Tribuna<\/p>\n<p>Com a supersafra de gr\u00e3os batendo na porta e a estimativa de que o Brasil atingir\u00e1 pela primeira vez a hist\u00f3ria marca de 300 milh\u00f5es de toneladas de gr\u00e3os, o Governo Federal preparou um pacote de investimentos de R$ 2,7 bilh\u00f5es para as rodovias que fazem parte da rota de exporta\u00e7\u00e3o de soja, milho, a\u00e7\u00facar e outros cereais rumo os portos do Sudeste, em especial Santos e Vit\u00f3ria (ES), e do Arco Norte, com foco em Santar\u00e9m (PA), Vila do Conde (PA) e Itaqui (MA).<\/p>\n<p><a href=\"https:\/\/www.atribuna.com.br\/noticias\/portomar\/governo-investe-r-27-bilhoes-em-acessos-a-portos-para-dar-conta-de-supersafra\">LEIA MAIS&#8230;<\/a><\/p>\n","protected":false},"excerpt":{"rendered":"<p>Fonte: A Tribuna Com a supersafra de gr\u00e3os batendo na porta e a estimativa de que o Brasil atingir\u00e1 pela primeira vez a hist\u00f3ria marca de 300 milh\u00f5es de toneladas de gr\u00e3os, o Governo Federal preparou um pacote de investimentos de R$ 2,7 bilh\u00f5es para as rodovias que fazem parte da rota de exporta\u00e7\u00e3o de [&hellip;]<\/p>\n","protected":false},"author":66,"featured_media":0,"comment_status":"open","ping_status":"open","sticky":false,"template":"","format":"standard","meta":{"footnotes":""},"categories":[105],"tags":[],"_links":{"self":[{"href":"https:\/\/acs.org.br\/academy\/wp-json\/wp\/v2\/posts\/114323"}],"collection":[{"href":"https:\/\/acs.org.br\/academy\/wp-json\/wp\/v2\/posts"}],"about":[{"href":"https:\/\/acs.org.br\/academy\/wp-json\/wp\/v2\/types\/post"}],"author":[{"embeddable":true,"href":"https:\/\/acs.org.br\/academy\/wp-json\/wp\/v2\/users\/66"}],"replies":[{"embeddable":true,"href":"https:\/\/acs.org.br\/academy\/wp-json\/wp\/v2\/comments?post=114323"}],"version-history":[{"count":1,"href":"https:\/\/acs.org.br\/academy\/wp-json\/wp\/v2\/posts\/114323\/revisions"}],"predecessor-version":[{"id":114331,"href":"https:\/\/acs.org.br\/academy\/wp-json\/wp\/v2\/posts\/114323\/revisions\/114331"}],"wp:attachment":[{"href":"https:\/\/acs.org.br\/academy\/wp-json\/wp\/v2\/media?parent=114323"}],"wp:term":[{"taxonomy":"category","embeddable":true,"href":"https:\/\/acs.org.br\/academy\/wp-json\/wp\/v2\/categories?post=114323"},{"taxonomy":"post_tag","embeddable":true,"href":"https:\/\/acs.org.br\/academy\/wp-json\/wp\/v2\/tags?post=114323"}],"curies":[{"name":"wp","href":"https:\/\/api.w.org\/{rel}","templated":true}]}}