{"id":114257,"date":"2023-02-14T13:07:39","date_gmt":"2023-02-14T16:07:39","guid":{"rendered":"https:\/\/acs.org.br\/antigo\/?p=114257"},"modified":"2023-02-14T13:07:39","modified_gmt":"2023-02-14T16:07:39","slug":"atualidades-secretario-de-desenvolvimento-economico-apresenta-planos-para-a-baixada-santista-em-evento","status":"publish","type":"post","link":"https:\/\/acs.org.br\/academy\/atualidades-secretario-de-desenvolvimento-economico-apresenta-planos-para-a-baixada-santista-em-evento\/","title":{"rendered":"ATUALIDADES: Secret\u00e1rio de Desenvolvimento Econ\u00f4mico apresenta planos para a Baixada Santista em evento"},"content":{"rendered":"<p>Fonte: BE News \u00a0<\/p>\n<p>O secret\u00e1rio de Desenvolvimento Econ\u00f4mico do Estado de S\u00e3o Paulo, Jorge Lima, estar\u00e1 em Santos para fazer uma apresenta\u00e7\u00e3o com foco na regi\u00e3o da Baixada Santista. O encontro \u00e9 uma a\u00e7\u00e3o conjunta do Santos Export com o Governo Estadual e est\u00e1 marcado para o pr\u00f3ximo dia 27, a partir das 18 horas, no audit\u00f3rio da Associa\u00e7\u00e3o Comercial de Santos (ACS).<\/p>\n<p>Com o tema \u201cDesenvolvimento Econ\u00f4mico da Baixada Santista\u201d, Jorge Lima dar\u00e1 mais detalhes sobre o plano de a\u00e7\u00f5es da pasta para alavancar a economia de S\u00e3o Paulo, divulgado na \u00faltima semana. Mas desta vez, sendo mais espec\u00edfico em rela\u00e7\u00e3o \u00e0 regi\u00e3o do litoral.<\/p>\n<p><a href=\"https:\/\/portalbenews.com.br\/editoria\/regiao\/regiao-sudeste\/secretario-de-desenvolvimento-economico-apresenta-planos-para-a-baixada-santista-em-evento\/\">LEIA MAIS&#8230;<\/a><\/p>\n","protected":false},"excerpt":{"rendered":"<p>Fonte: BE News \u00a0 O secret\u00e1rio de Desenvolvimento Econ\u00f4mico do Estado de S\u00e3o Paulo, Jorge Lima, estar\u00e1 em Santos para fazer uma apresenta\u00e7\u00e3o com foco na regi\u00e3o da Baixada Santista. O encontro \u00e9 uma a\u00e7\u00e3o conjunta do Santos Export com o Governo Estadual e est\u00e1 marcado para o pr\u00f3ximo dia 27, a partir das 18 [&hellip;]<\/p>\n","protected":false},"author":66,"featured_media":0,"comment_status":"open","ping_status":"open","sticky":false,"template":"","format":"standard","meta":{"footnotes":""},"categories":[105],"tags":[],"_links":{"self":[{"href":"https:\/\/acs.org.br\/academy\/wp-json\/wp\/v2\/posts\/114257"}],"collection":[{"href":"https:\/\/acs.org.br\/academy\/wp-json\/wp\/v2\/posts"}],"about":[{"href":"https:\/\/acs.org.br\/academy\/wp-json\/wp\/v2\/types\/post"}],"author":[{"embeddable":true,"href":"https:\/\/acs.org.br\/academy\/wp-json\/wp\/v2\/users\/66"}],"replies":[{"embeddable":true,"href":"https:\/\/acs.org.br\/academy\/wp-json\/wp\/v2\/comments?post=114257"}],"version-history":[{"count":1,"href":"https:\/\/acs.org.br\/academy\/wp-json\/wp\/v2\/posts\/114257\/revisions"}],"predecessor-version":[{"id":114261,"href":"https:\/\/acs.org.br\/academy\/wp-json\/wp\/v2\/posts\/114257\/revisions\/114261"}],"wp:attachment":[{"href":"https:\/\/acs.org.br\/academy\/wp-json\/wp\/v2\/media?parent=114257"}],"wp:term":[{"taxonomy":"category","embeddable":true,"href":"https:\/\/acs.org.br\/academy\/wp-json\/wp\/v2\/categories?post=114257"},{"taxonomy":"post_tag","embeddable":true,"href":"https:\/\/acs.org.br\/academy\/wp-json\/wp\/v2\/tags?post=114257"}],"curies":[{"name":"wp","href":"https:\/\/api.w.org\/{rel}","templated":true}]}}