{"id":114256,"date":"2023-02-14T13:07:05","date_gmt":"2023-02-14T16:07:05","guid":{"rendered":"https:\/\/acs.org.br\/antigo\/?p=114256"},"modified":"2023-02-14T13:07:05","modified_gmt":"2023-02-14T16:07:05","slug":"atualidades-camara-de-santos-vota-projeto-de-reajuste-salarial-a-aposentados-e-pensionistas","status":"publish","type":"post","link":"https:\/\/acs.org.br\/academy\/atualidades-camara-de-santos-vota-projeto-de-reajuste-salarial-a-aposentados-e-pensionistas\/","title":{"rendered":"ATUALIDADES: C\u00e2mara de Santos vota projeto de reajuste salarial a aposentados e pensionistas"},"content":{"rendered":"<p>Fonte: A Tribuna \u00a0<\/p>\n<p>A C\u00e2mara de Santos votar\u00e1 nesta ter\u00e7a-feira (14), em primeira discuss\u00e3o, o projeto para a concess\u00e3o de 11% de reajuste salarial aos aposentados e pensionistas do munic\u00edpio. Outra proposta<\/p>\n<p><a href=\"https:\/\/www.atribuna.com.br\/cidades\/santos\/camara-de-santos-vota-projeto-de-reajuste-salarial-a-aposentados-e-pensionistas\">LEIA MAIS&#8230;<\/a><\/p>\n","protected":false},"excerpt":{"rendered":"<p>Fonte: A Tribuna \u00a0 A C\u00e2mara de Santos votar\u00e1 nesta ter\u00e7a-feira (14), em primeira discuss\u00e3o, o projeto para a concess\u00e3o de 11% de reajuste salarial aos aposentados e pensionistas do munic\u00edpio. Outra proposta LEIA MAIS&#8230;<\/p>\n","protected":false},"author":66,"featured_media":0,"comment_status":"open","ping_status":"open","sticky":false,"template":"","format":"standard","meta":{"footnotes":""},"categories":[105],"tags":[],"_links":{"self":[{"href":"https:\/\/acs.org.br\/academy\/wp-json\/wp\/v2\/posts\/114256"}],"collection":[{"href":"https:\/\/acs.org.br\/academy\/wp-json\/wp\/v2\/posts"}],"about":[{"href":"https:\/\/acs.org.br\/academy\/wp-json\/wp\/v2\/types\/post"}],"author":[{"embeddable":true,"href":"https:\/\/acs.org.br\/academy\/wp-json\/wp\/v2\/users\/66"}],"replies":[{"embeddable":true,"href":"https:\/\/acs.org.br\/academy\/wp-json\/wp\/v2\/comments?post=114256"}],"version-history":[{"count":1,"href":"https:\/\/acs.org.br\/academy\/wp-json\/wp\/v2\/posts\/114256\/revisions"}],"predecessor-version":[{"id":114260,"href":"https:\/\/acs.org.br\/academy\/wp-json\/wp\/v2\/posts\/114256\/revisions\/114260"}],"wp:attachment":[{"href":"https:\/\/acs.org.br\/academy\/wp-json\/wp\/v2\/media?parent=114256"}],"wp:term":[{"taxonomy":"category","embeddable":true,"href":"https:\/\/acs.org.br\/academy\/wp-json\/wp\/v2\/categories?post=114256"},{"taxonomy":"post_tag","embeddable":true,"href":"https:\/\/acs.org.br\/academy\/wp-json\/wp\/v2\/tags?post=114256"}],"curies":[{"name":"wp","href":"https:\/\/api.w.org\/{rel}","templated":true}]}}