{"id":114248,"date":"2023-02-14T13:05:50","date_gmt":"2023-02-14T16:05:50","guid":{"rendered":"https:\/\/acs.org.br\/antigo\/?p=114248"},"modified":"2023-02-14T13:05:50","modified_gmt":"2023-02-14T16:05:50","slug":"economia-correcao-de-tabela-do-ri-e-programa-para-renegociar-dividas-ja-estao-com-lula-diz-haddad","status":"publish","type":"post","link":"https:\/\/acs.org.br\/academy\/economia-correcao-de-tabela-do-ri-e-programa-para-renegociar-dividas-ja-estao-com-lula-diz-haddad\/","title":{"rendered":"ECONOMIA: \u201cCorre\u00e7\u00e3o de tabela do RI e programa para renegociar d\u00edvidas j\u00e1 est\u00e3o com Lula\u201d, diz Haddad"},"content":{"rendered":"<p>Fonte: Santaportal \u00a0<\/p>\n<p>O governo federal deve apresentar depois do carnaval um programa para renegocia\u00e7\u00e3o de d\u00edvidas chamado \u2018Desenrola\u2019. O ministro da Fazenda, Fernando Haddad, fez a previs\u00e3o ao falar na abertura da reuni\u00e3o do diret\u00f3rio nacional do PT na manh\u00e3 desta segunda-feira (13), em Bras\u00edlia.<\/p>\n<p><a href=\"https:\/\/santaportal.com.br\/geral\/correcao-de-tabela-do-ir-e-programa-para-renegociar-dividas-ja-estao-com-lula-diz-haddad\/\">LEIA MAIS&#8230;<\/a><\/p>\n","protected":false},"excerpt":{"rendered":"<p>Fonte: Santaportal \u00a0 O governo federal deve apresentar depois do carnaval um programa para renegocia\u00e7\u00e3o de d\u00edvidas chamado \u2018Desenrola\u2019. O ministro da Fazenda, Fernando Haddad, fez a previs\u00e3o ao falar na abertura da reuni\u00e3o do diret\u00f3rio nacional do PT na manh\u00e3 desta segunda-feira (13), em Bras\u00edlia. LEIA MAIS&#8230;<\/p>\n","protected":false},"author":66,"featured_media":0,"comment_status":"open","ping_status":"open","sticky":false,"template":"","format":"standard","meta":{"footnotes":""},"categories":[105],"tags":[],"_links":{"self":[{"href":"https:\/\/acs.org.br\/academy\/wp-json\/wp\/v2\/posts\/114248"}],"collection":[{"href":"https:\/\/acs.org.br\/academy\/wp-json\/wp\/v2\/posts"}],"about":[{"href":"https:\/\/acs.org.br\/academy\/wp-json\/wp\/v2\/types\/post"}],"author":[{"embeddable":true,"href":"https:\/\/acs.org.br\/academy\/wp-json\/wp\/v2\/users\/66"}],"replies":[{"embeddable":true,"href":"https:\/\/acs.org.br\/academy\/wp-json\/wp\/v2\/comments?post=114248"}],"version-history":[{"count":1,"href":"https:\/\/acs.org.br\/academy\/wp-json\/wp\/v2\/posts\/114248\/revisions"}],"predecessor-version":[{"id":114254,"href":"https:\/\/acs.org.br\/academy\/wp-json\/wp\/v2\/posts\/114248\/revisions\/114254"}],"wp:attachment":[{"href":"https:\/\/acs.org.br\/academy\/wp-json\/wp\/v2\/media?parent=114248"}],"wp:term":[{"taxonomy":"category","embeddable":true,"href":"https:\/\/acs.org.br\/academy\/wp-json\/wp\/v2\/categories?post=114248"},{"taxonomy":"post_tag","embeddable":true,"href":"https:\/\/acs.org.br\/academy\/wp-json\/wp\/v2\/tags?post=114248"}],"curies":[{"name":"wp","href":"https:\/\/api.w.org\/{rel}","templated":true}]}}