{"id":114247,"date":"2023-02-14T13:04:17","date_gmt":"2023-02-14T16:04:17","guid":{"rendered":"https:\/\/acs.org.br\/antigo\/?p=114247"},"modified":"2023-02-14T13:04:17","modified_gmt":"2023-02-14T16:04:17","slug":"economia-mercado-reduz-projecao-para-crescimento-da-economia-em-2023-2","status":"publish","type":"post","link":"https:\/\/acs.org.br\/academy\/economia-mercado-reduz-projecao-para-crescimento-da-economia-em-2023-2\/","title":{"rendered":"ECONOMIA: Mercado reduz proje\u00e7\u00e3o para crescimento da economia em 2023"},"content":{"rendered":"<p>Fonte: BoqNews<\/p>\n<p>A previs\u00e3o do mercado financeiro para o crescimento da economia brasileira este ano caiu de 0,79% para 0,76%. A estimativa est\u00e1 no boletim Focus de hoje (13), pesquisa divulgada semanalmente, em Bras\u00edlia, pelo Banco Central (BC) com a proje\u00e7\u00e3o para os principais indicadores econ\u00f4micos.<\/p>\n<p>Para o pr\u00f3ximo ano, a expectativa para o Produto Interno Bruto (PIB) \u2013 a soma de todos os bens e servi\u00e7os produzidos no pa\u00eds \u2013 \u00e9 de crescimento de 1,5%, a mesma previs\u00e3o h\u00e1 sete semanas seguida. Em 2025 e 2026, o mercado financeiro projeta expans\u00e3o do PIB em 1,85% e 2%, respectivamente.<\/p>\n<p><a href=\"https:\/\/www.boqnews.com\/nacional\/mercado-reduz-projecao-para-crescimento-da-economia-em-2023\/\">LEIA MAIS&#8230;<\/a><\/p>\n","protected":false},"excerpt":{"rendered":"<p>Fonte: BoqNews A previs\u00e3o do mercado financeiro para o crescimento da economia brasileira este ano caiu de 0,79% para 0,76%. A estimativa est\u00e1 no boletim Focus de hoje (13), pesquisa divulgada semanalmente, em Bras\u00edlia, pelo Banco Central (BC) com a proje\u00e7\u00e3o para os principais indicadores econ\u00f4micos. Para o pr\u00f3ximo ano, a expectativa para o Produto [&hellip;]<\/p>\n","protected":false},"author":66,"featured_media":0,"comment_status":"open","ping_status":"open","sticky":false,"template":"","format":"standard","meta":{"footnotes":""},"categories":[105],"tags":[],"_links":{"self":[{"href":"https:\/\/acs.org.br\/academy\/wp-json\/wp\/v2\/posts\/114247"}],"collection":[{"href":"https:\/\/acs.org.br\/academy\/wp-json\/wp\/v2\/posts"}],"about":[{"href":"https:\/\/acs.org.br\/academy\/wp-json\/wp\/v2\/types\/post"}],"author":[{"embeddable":true,"href":"https:\/\/acs.org.br\/academy\/wp-json\/wp\/v2\/users\/66"}],"replies":[{"embeddable":true,"href":"https:\/\/acs.org.br\/academy\/wp-json\/wp\/v2\/comments?post=114247"}],"version-history":[{"count":1,"href":"https:\/\/acs.org.br\/academy\/wp-json\/wp\/v2\/posts\/114247\/revisions"}],"predecessor-version":[{"id":114253,"href":"https:\/\/acs.org.br\/academy\/wp-json\/wp\/v2\/posts\/114247\/revisions\/114253"}],"wp:attachment":[{"href":"https:\/\/acs.org.br\/academy\/wp-json\/wp\/v2\/media?parent=114247"}],"wp:term":[{"taxonomy":"category","embeddable":true,"href":"https:\/\/acs.org.br\/academy\/wp-json\/wp\/v2\/categories?post=114247"},{"taxonomy":"post_tag","embeddable":true,"href":"https:\/\/acs.org.br\/academy\/wp-json\/wp\/v2\/tags?post=114247"}],"curies":[{"name":"wp","href":"https:\/\/api.w.org\/{rel}","templated":true}]}}