{"id":114245,"date":"2023-02-14T13:02:07","date_gmt":"2023-02-14T16:02:07","guid":{"rendered":"https:\/\/acs.org.br\/antigo\/?p=114245"},"modified":"2023-02-14T13:02:07","modified_gmt":"2023-02-14T16:02:07","slug":"porto-implantacao-do-port-community-system-avanca-em-sao-paulo","status":"publish","type":"post","link":"https:\/\/acs.org.br\/academy\/porto-implantacao-do-port-community-system-avanca-em-sao-paulo\/","title":{"rendered":"PORTO: Implanta\u00e7\u00e3o do Port Community System avan\u00e7a em S\u00e3o Paulo"},"content":{"rendered":"<p>Fonte: Ag\u00eancia Porto<\/p>\n<p>O secret\u00e1rio de Neg\u00f3cios Internacionais Lucas Ferraz, junto a sua equipe t\u00e9cnica, recebeu, na \u00faltima sexta-feira (10), desenvolvedores do Instituto de Tecnologia de Software da Universidade de S\u00e3o Paulo (ITS\/USP), para demonstra\u00e7\u00e3o do Port Community System (PCS).<\/p>\n<p>O sistema permitir\u00e1 a integra\u00e7\u00e3o de todos os agentes envolvidos na opera\u00e7\u00e3o do Porto de Santos, resultando em ganhos de efici\u00eancia como redu\u00e7\u00e3o de custos e diminui\u00e7\u00e3o de tempo de espera em filas de embarca\u00e7\u00f5es e ve\u00edculos de cargas.<\/p>\n<p><a href=\"https:\/\/agenciaporto.com\/noticias\/implantacao-do-port-community-system-avanca-em-sao-paulo\">LEIA MAIS&#8230;<\/a><\/p>\n","protected":false},"excerpt":{"rendered":"<p>Fonte: Ag\u00eancia Porto O secret\u00e1rio de Neg\u00f3cios Internacionais Lucas Ferraz, junto a sua equipe t\u00e9cnica, recebeu, na \u00faltima sexta-feira (10), desenvolvedores do Instituto de Tecnologia de Software da Universidade de S\u00e3o Paulo (ITS\/USP), para demonstra\u00e7\u00e3o do Port Community System (PCS). O sistema permitir\u00e1 a integra\u00e7\u00e3o de todos os agentes envolvidos na opera\u00e7\u00e3o do Porto de [&hellip;]<\/p>\n","protected":false},"author":66,"featured_media":0,"comment_status":"open","ping_status":"open","sticky":false,"template":"","format":"standard","meta":{"footnotes":""},"categories":[105],"tags":[],"_links":{"self":[{"href":"https:\/\/acs.org.br\/academy\/wp-json\/wp\/v2\/posts\/114245"}],"collection":[{"href":"https:\/\/acs.org.br\/academy\/wp-json\/wp\/v2\/posts"}],"about":[{"href":"https:\/\/acs.org.br\/academy\/wp-json\/wp\/v2\/types\/post"}],"author":[{"embeddable":true,"href":"https:\/\/acs.org.br\/academy\/wp-json\/wp\/v2\/users\/66"}],"replies":[{"embeddable":true,"href":"https:\/\/acs.org.br\/academy\/wp-json\/wp\/v2\/comments?post=114245"}],"version-history":[{"count":1,"href":"https:\/\/acs.org.br\/academy\/wp-json\/wp\/v2\/posts\/114245\/revisions"}],"predecessor-version":[{"id":114251,"href":"https:\/\/acs.org.br\/academy\/wp-json\/wp\/v2\/posts\/114245\/revisions\/114251"}],"wp:attachment":[{"href":"https:\/\/acs.org.br\/academy\/wp-json\/wp\/v2\/media?parent=114245"}],"wp:term":[{"taxonomy":"category","embeddable":true,"href":"https:\/\/acs.org.br\/academy\/wp-json\/wp\/v2\/categories?post=114245"},{"taxonomy":"post_tag","embeddable":true,"href":"https:\/\/acs.org.br\/academy\/wp-json\/wp\/v2\/tags?post=114245"}],"curies":[{"name":"wp","href":"https:\/\/api.w.org\/{rel}","templated":true}]}}