{"id":114208,"date":"2023-02-13T13:53:01","date_gmt":"2023-02-13T16:53:01","guid":{"rendered":"https:\/\/acs.org.br\/antigo\/?p=114208"},"modified":"2023-02-13T13:53:01","modified_gmt":"2023-02-13T16:53:01","slug":"cafe-brasil-abre-2023-com-queda-na-exportacao-de-cafe","status":"publish","type":"post","link":"https:\/\/acs.org.br\/academy\/cafe-brasil-abre-2023-com-queda-na-exportacao-de-cafe\/","title":{"rendered":"CAF\u00c9: Brasil abre 2023 com queda na exporta\u00e7\u00e3o de caf\u00e9"},"content":{"rendered":"<p>Fonte: Canal Rural<\/p>\n<p>O relat\u00f3rio estat\u00edstico mensal do Conselho dos Exportadores de Caf\u00e9 do Brasil (Cecaf\u00e9) aponta que os embarques do produto totalizam 2,843 milh\u00f5es de sacas de 60 kg em janeiro deste ano, volume que implica queda de 16,8% na compara\u00e7\u00e3o com o primeiro m\u00eas de 2022.<\/p>\n<p>Em receita cambial, o decl\u00ednio \u00e9 de 17,8% em mesmo intervalo comparativo, com as remessas gerando US$ 612,8 milh\u00f5es.<\/p>\n<p><a href=\"https:\/\/www.canalrural.com.br\/noticias\/agricultura\/brasil-abre-2023-com-queda-na-exportacao-de-cafe\/\">LEIA MAIS&#8230;<\/a><\/p>\n","protected":false},"excerpt":{"rendered":"<p>Fonte: Canal Rural O relat\u00f3rio estat\u00edstico mensal do Conselho dos Exportadores de Caf\u00e9 do Brasil (Cecaf\u00e9) aponta que os embarques do produto totalizam 2,843 milh\u00f5es de sacas de 60 kg em janeiro deste ano, volume que implica queda de 16,8% na compara\u00e7\u00e3o com o primeiro m\u00eas de 2022. Em receita cambial, o decl\u00ednio \u00e9 de [&hellip;]<\/p>\n","protected":false},"author":66,"featured_media":0,"comment_status":"open","ping_status":"open","sticky":false,"template":"","format":"standard","meta":{"footnotes":""},"categories":[105],"tags":[],"_links":{"self":[{"href":"https:\/\/acs.org.br\/academy\/wp-json\/wp\/v2\/posts\/114208"}],"collection":[{"href":"https:\/\/acs.org.br\/academy\/wp-json\/wp\/v2\/posts"}],"about":[{"href":"https:\/\/acs.org.br\/academy\/wp-json\/wp\/v2\/types\/post"}],"author":[{"embeddable":true,"href":"https:\/\/acs.org.br\/academy\/wp-json\/wp\/v2\/users\/66"}],"replies":[{"embeddable":true,"href":"https:\/\/acs.org.br\/academy\/wp-json\/wp\/v2\/comments?post=114208"}],"version-history":[{"count":1,"href":"https:\/\/acs.org.br\/academy\/wp-json\/wp\/v2\/posts\/114208\/revisions"}],"predecessor-version":[{"id":114226,"href":"https:\/\/acs.org.br\/academy\/wp-json\/wp\/v2\/posts\/114208\/revisions\/114226"}],"wp:attachment":[{"href":"https:\/\/acs.org.br\/academy\/wp-json\/wp\/v2\/media?parent=114208"}],"wp:term":[{"taxonomy":"category","embeddable":true,"href":"https:\/\/acs.org.br\/academy\/wp-json\/wp\/v2\/categories?post=114208"},{"taxonomy":"post_tag","embeddable":true,"href":"https:\/\/acs.org.br\/academy\/wp-json\/wp\/v2\/tags?post=114208"}],"curies":[{"name":"wp","href":"https:\/\/api.w.org\/{rel}","templated":true}]}}