{"id":114206,"date":"2023-02-13T13:52:58","date_gmt":"2023-02-13T16:52:58","guid":{"rendered":"https:\/\/acs.org.br\/antigo\/?p=114206"},"modified":"2023-02-13T13:52:58","modified_gmt":"2023-02-13T16:52:58","slug":"transporte-leonardo-ribeiro-assume-a-secretaria-de-transporte-ferroviario","status":"publish","type":"post","link":"https:\/\/acs.org.br\/academy\/transporte-leonardo-ribeiro-assume-a-secretaria-de-transporte-ferroviario\/","title":{"rendered":"TRANSPORTE: Leonardo Ribeiro assume a Secretaria de Transporte Ferrovi\u00e1rio"},"content":{"rendered":"<p>Fonte: BE News<\/p>\n<p>O analista legislativo do Senado Leonardo Cezar Ribeiro foi confirmado na sexta-feira (10) como titular da rec\u00e9m-criada Secretaria de Transporte Ferrovi\u00e1rio. Essa \u00e9 a primeira nomea\u00e7\u00e3o feita pelo ministro dos Transportes, Renan Filho, para um dos principais cargos vinculados \u00e0 pasta.<\/p>\n<p>Em sua primeira declara\u00e7\u00e3o como secret\u00e1rio, Ribeiro enfatizou que \u00e9 poss\u00edvel aumentar a participa\u00e7\u00e3o do setor ferrovi\u00e1rio na matriz de transportes.<\/p>\n<p><a href=\"https:\/\/portalbenews.com.br\/editoria\/modais\/ferrovias\/leonardo-ribeiro-assume-a-secretaria-de-transporte-ferroviario\/\">LEIA MAIS&#8230;<\/a><\/p>\n","protected":false},"excerpt":{"rendered":"<p>Fonte: BE News O analista legislativo do Senado Leonardo Cezar Ribeiro foi confirmado na sexta-feira (10) como titular da rec\u00e9m-criada Secretaria de Transporte Ferrovi\u00e1rio. Essa \u00e9 a primeira nomea\u00e7\u00e3o feita pelo ministro dos Transportes, Renan Filho, para um dos principais cargos vinculados \u00e0 pasta. Em sua primeira declara\u00e7\u00e3o como secret\u00e1rio, Ribeiro enfatizou que \u00e9 poss\u00edvel [&hellip;]<\/p>\n","protected":false},"author":66,"featured_media":0,"comment_status":"open","ping_status":"open","sticky":false,"template":"","format":"standard","meta":{"footnotes":""},"categories":[105],"tags":[],"_links":{"self":[{"href":"https:\/\/acs.org.br\/academy\/wp-json\/wp\/v2\/posts\/114206"}],"collection":[{"href":"https:\/\/acs.org.br\/academy\/wp-json\/wp\/v2\/posts"}],"about":[{"href":"https:\/\/acs.org.br\/academy\/wp-json\/wp\/v2\/types\/post"}],"author":[{"embeddable":true,"href":"https:\/\/acs.org.br\/academy\/wp-json\/wp\/v2\/users\/66"}],"replies":[{"embeddable":true,"href":"https:\/\/acs.org.br\/academy\/wp-json\/wp\/v2\/comments?post=114206"}],"version-history":[{"count":1,"href":"https:\/\/acs.org.br\/academy\/wp-json\/wp\/v2\/posts\/114206\/revisions"}],"predecessor-version":[{"id":114224,"href":"https:\/\/acs.org.br\/academy\/wp-json\/wp\/v2\/posts\/114206\/revisions\/114224"}],"wp:attachment":[{"href":"https:\/\/acs.org.br\/academy\/wp-json\/wp\/v2\/media?parent=114206"}],"wp:term":[{"taxonomy":"category","embeddable":true,"href":"https:\/\/acs.org.br\/academy\/wp-json\/wp\/v2\/categories?post=114206"},{"taxonomy":"post_tag","embeddable":true,"href":"https:\/\/acs.org.br\/academy\/wp-json\/wp\/v2\/tags?post=114206"}],"curies":[{"name":"wp","href":"https:\/\/api.w.org\/{rel}","templated":true}]}}