{"id":114204,"date":"2023-02-13T13:52:54","date_gmt":"2023-02-13T16:52:54","guid":{"rendered":"https:\/\/acs.org.br\/antigo\/?p=114204"},"modified":"2023-02-13T13:52:54","modified_gmt":"2023-02-13T16:52:54","slug":"economia-expectativas-dos-empresarios-na-economia-e-na-empresa-elevam-indice-de-confianca","status":"publish","type":"post","link":"https:\/\/acs.org.br\/academy\/economia-expectativas-dos-empresarios-na-economia-e-na-empresa-elevam-indice-de-confianca\/","title":{"rendered":"ECONOMIA: Expectativas dos empres\u00e1rios na economia e na empresa elevam \u00edndice de confian\u00e7a"},"content":{"rendered":"<p>Fonte: Ag\u00eancia Porto<\/p>\n<p>O \u00cdndice de Confian\u00e7a do Empres\u00e1rio Industrial (ICEI) da Confedera\u00e7\u00e3o Nacional da Ind\u00fastria (CNI) avan\u00e7ou dois pontos entre janeiro e fevereiro e registrou 50,6 pontos. Ao cruzar a linha dos 50 pontos, o \u00edndice passou de um cen\u00e1rio de desconfian\u00e7a para um de confian\u00e7a. Foram consultadas 1.372 empresas, sendo 564 de pequeno porte, 482 de m\u00e9dio porte e 326 de grande porte, entre 1\u00ba e 7 de fevereiro de 2023.<\/p>\n<p><a href=\"https:\/\/agenciaporto.com\/noticias\/expectativas-dos-empresarios-na-economia-e-na-empresa-elevam-indice-de-confianca\">LEIA MAIS&#8230;<\/a><\/p>\n","protected":false},"excerpt":{"rendered":"<p>Fonte: Ag\u00eancia Porto O \u00cdndice de Confian\u00e7a do Empres\u00e1rio Industrial (ICEI) da Confedera\u00e7\u00e3o Nacional da Ind\u00fastria (CNI) avan\u00e7ou dois pontos entre janeiro e fevereiro e registrou 50,6 pontos. Ao cruzar a linha dos 50 pontos, o \u00edndice passou de um cen\u00e1rio de desconfian\u00e7a para um de confian\u00e7a. Foram consultadas 1.372 empresas, sendo 564 de pequeno [&hellip;]<\/p>\n","protected":false},"author":66,"featured_media":0,"comment_status":"open","ping_status":"open","sticky":false,"template":"","format":"standard","meta":{"footnotes":""},"categories":[105],"tags":[],"_links":{"self":[{"href":"https:\/\/acs.org.br\/academy\/wp-json\/wp\/v2\/posts\/114204"}],"collection":[{"href":"https:\/\/acs.org.br\/academy\/wp-json\/wp\/v2\/posts"}],"about":[{"href":"https:\/\/acs.org.br\/academy\/wp-json\/wp\/v2\/types\/post"}],"author":[{"embeddable":true,"href":"https:\/\/acs.org.br\/academy\/wp-json\/wp\/v2\/users\/66"}],"replies":[{"embeddable":true,"href":"https:\/\/acs.org.br\/academy\/wp-json\/wp\/v2\/comments?post=114204"}],"version-history":[{"count":1,"href":"https:\/\/acs.org.br\/academy\/wp-json\/wp\/v2\/posts\/114204\/revisions"}],"predecessor-version":[{"id":114223,"href":"https:\/\/acs.org.br\/academy\/wp-json\/wp\/v2\/posts\/114204\/revisions\/114223"}],"wp:attachment":[{"href":"https:\/\/acs.org.br\/academy\/wp-json\/wp\/v2\/media?parent=114204"}],"wp:term":[{"taxonomy":"category","embeddable":true,"href":"https:\/\/acs.org.br\/academy\/wp-json\/wp\/v2\/categories?post=114204"},{"taxonomy":"post_tag","embeddable":true,"href":"https:\/\/acs.org.br\/academy\/wp-json\/wp\/v2\/tags?post=114204"}],"curies":[{"name":"wp","href":"https:\/\/api.w.org\/{rel}","templated":true}]}}