{"id":114203,"date":"2023-02-13T13:52:52","date_gmt":"2023-02-13T16:52:52","guid":{"rendered":"https:\/\/acs.org.br\/antigo\/?p=114203"},"modified":"2023-02-13T13:52:52","modified_gmt":"2023-02-13T16:52:52","slug":"economia-salario-minimo-tera-novo-reajuste-a-partir-de-maio-garante-ministro","status":"publish","type":"post","link":"https:\/\/acs.org.br\/academy\/economia-salario-minimo-tera-novo-reajuste-a-partir-de-maio-garante-ministro\/","title":{"rendered":"ECONOMIA: Sal\u00e1rio m\u00ednimo ter\u00e1 novo reajuste a partir de maio, garante ministro"},"content":{"rendered":"<p>Fonte: BoqNews<\/p>\n<p>O ministro do Trabalho e Emprego, Luiz Marinho, afirmou que o sal\u00e1rio m\u00ednimo, atualmente no valor de R$ 1.302, deve passar por aumento ainda este ano.<\/p>\n<p>O \u00faltimo reajuste do piso nacional passou a valer no dia 1\u00ba de janeiro.<\/p>\n<p><a href=\"https:\/\/www.boqnews.com\/nacional\/salario-minimo-novo-valor\/\">LEIA MAIS&#8230;<\/a><\/p>\n","protected":false},"excerpt":{"rendered":"<p>Fonte: BoqNews O ministro do Trabalho e Emprego, Luiz Marinho, afirmou que o sal\u00e1rio m\u00ednimo, atualmente no valor de R$ 1.302, deve passar por aumento ainda este ano. O \u00faltimo reajuste do piso nacional passou a valer no dia 1\u00ba de janeiro. LEIA MAIS&#8230;<\/p>\n","protected":false},"author":66,"featured_media":0,"comment_status":"open","ping_status":"open","sticky":false,"template":"","format":"standard","meta":{"footnotes":""},"categories":[105],"tags":[],"_links":{"self":[{"href":"https:\/\/acs.org.br\/academy\/wp-json\/wp\/v2\/posts\/114203"}],"collection":[{"href":"https:\/\/acs.org.br\/academy\/wp-json\/wp\/v2\/posts"}],"about":[{"href":"https:\/\/acs.org.br\/academy\/wp-json\/wp\/v2\/types\/post"}],"author":[{"embeddable":true,"href":"https:\/\/acs.org.br\/academy\/wp-json\/wp\/v2\/users\/66"}],"replies":[{"embeddable":true,"href":"https:\/\/acs.org.br\/academy\/wp-json\/wp\/v2\/comments?post=114203"}],"version-history":[{"count":1,"href":"https:\/\/acs.org.br\/academy\/wp-json\/wp\/v2\/posts\/114203\/revisions"}],"predecessor-version":[{"id":114222,"href":"https:\/\/acs.org.br\/academy\/wp-json\/wp\/v2\/posts\/114203\/revisions\/114222"}],"wp:attachment":[{"href":"https:\/\/acs.org.br\/academy\/wp-json\/wp\/v2\/media?parent=114203"}],"wp:term":[{"taxonomy":"category","embeddable":true,"href":"https:\/\/acs.org.br\/academy\/wp-json\/wp\/v2\/categories?post=114203"},{"taxonomy":"post_tag","embeddable":true,"href":"https:\/\/acs.org.br\/academy\/wp-json\/wp\/v2\/tags?post=114203"}],"curies":[{"name":"wp","href":"https:\/\/api.w.org\/{rel}","templated":true}]}}