{"id":114201,"date":"2023-02-13T13:20:00","date_gmt":"2023-02-13T16:20:00","guid":{"rendered":"https:\/\/acs.org.br\/antigo\/?p=114201"},"modified":"2023-02-13T13:52:27","modified_gmt":"2023-02-13T16:52:27","slug":"economia-mercado-reduz-projecao-para-crescimento-da-economia-em-2023","status":"publish","type":"post","link":"https:\/\/acs.org.br\/academy\/economia-mercado-reduz-projecao-para-crescimento-da-economia-em-2023\/","title":{"rendered":"ECONOMIA: Mercado reduz proje\u00e7\u00e3o para crescimento da economia em 2023"},"content":{"rendered":"<p>Fonte: Ag\u00eancia Brasil<\/p>\n<p>A previs\u00e3o do mercado financeiro para o crescimento da economia brasileira este ano caiu de 0,79% para 0,76%. A estimativa est\u00e1 no boletim Focus de hoje (13), pesquisa divulgada semanalmente, em Bras\u00edlia, pelo Banco Central (BC) com a proje\u00e7\u00e3o para os principais indicadores econ\u00f4micos.<\/p>\n<p><a href=\"https:\/\/agenciabrasil.ebc.com.br\/economia\/noticia\/2023-02\/mercado-reduz-projecao-para-crescimento-da-economia-em-2023\">LEIA MAIS&#8230;<\/a><\/p>\n","protected":false},"excerpt":{"rendered":"<p>Fonte: Ag\u00eancia Brasil A previs\u00e3o do mercado financeiro para o crescimento da economia brasileira este ano caiu de 0,79% para 0,76%. A estimativa est\u00e1 no boletim Focus de hoje (13), pesquisa divulgada semanalmente, em Bras\u00edlia, pelo Banco Central (BC) com a proje\u00e7\u00e3o para os principais indicadores econ\u00f4micos. LEIA MAIS&#8230;<\/p>\n","protected":false},"author":66,"featured_media":0,"comment_status":"open","ping_status":"open","sticky":false,"template":"","format":"standard","meta":{"footnotes":""},"categories":[105],"tags":[],"_links":{"self":[{"href":"https:\/\/acs.org.br\/academy\/wp-json\/wp\/v2\/posts\/114201"}],"collection":[{"href":"https:\/\/acs.org.br\/academy\/wp-json\/wp\/v2\/posts"}],"about":[{"href":"https:\/\/acs.org.br\/academy\/wp-json\/wp\/v2\/types\/post"}],"author":[{"embeddable":true,"href":"https:\/\/acs.org.br\/academy\/wp-json\/wp\/v2\/users\/66"}],"replies":[{"embeddable":true,"href":"https:\/\/acs.org.br\/academy\/wp-json\/wp\/v2\/comments?post=114201"}],"version-history":[{"count":1,"href":"https:\/\/acs.org.br\/academy\/wp-json\/wp\/v2\/posts\/114201\/revisions"}],"predecessor-version":[{"id":114205,"href":"https:\/\/acs.org.br\/academy\/wp-json\/wp\/v2\/posts\/114201\/revisions\/114205"}],"wp:attachment":[{"href":"https:\/\/acs.org.br\/academy\/wp-json\/wp\/v2\/media?parent=114201"}],"wp:term":[{"taxonomy":"category","embeddable":true,"href":"https:\/\/acs.org.br\/academy\/wp-json\/wp\/v2\/categories?post=114201"},{"taxonomy":"post_tag","embeddable":true,"href":"https:\/\/acs.org.br\/academy\/wp-json\/wp\/v2\/tags?post=114201"}],"curies":[{"name":"wp","href":"https:\/\/api.w.org\/{rel}","templated":true}]}}